{"id":66876,"date":"2016-09-16T09:14:18","date_gmt":"2016-09-16T12:14:18","guid":{"rendered":"http:\/\/prensa.mendoza.gov.ar\/?p=66876"},"modified":"2016-09-16T09:14:18","modified_gmt":"2016-09-16T12:14:18","slug":"lobesia-botrana-asistencia-a-productores-viticolas-de-los-oasis-productivos","status":"publish","type":"post","link":"https:\/\/www.mendoza.gov.ar\/prensa\/lobesia-botrana-asistencia-a-productores-viticolas-de-los-oasis-productivos\/","title":{"rendered":"Lobesia botrana: asistencia a productores vit\u00edcolas de los oasis productivos"},"content":{"rendered":"<!DOCTYPE html PUBLIC \"-\/\/W3C\/\/DTD HTML 4.0 Transitional\/\/EN\" \"http:\/\/www.w3.org\/TR\/REC-html40\/loose.dtd\">\n<html><body><div>El Iscamen contin&uacute;a el ciclo de capacitaciones, por lo que se llev&oacute; adelante el taller habilitante para la asistencia de difusores para el control de la plaga.<\/div>\n<div><\/div>\n<div>Estuvo destinado a productores del departamento de Tupungato, cuyas fincas se encuentran en zonas con mayor captura de la plaga, seg&uacute;n los resultados del monitoreo del insecto. La asistencia alcanz&oacute; a 1.600 hect&aacute;reas y&nbsp;166 productores.<\/div>\n<div><\/div>\n<div>En tanto, los d&iacute;as 13 y 14 de setiembre, el&nbsp;taller se desarroll&oacute; en los departamentos de Rivadavia y Jun&iacute;n, en el marco de liquidaci&oacute;n de los fondos del subsidio de Cosecha y Acarreo que la Provincia efect&uacute;a a trav&eacute;s del Instituto de Desarrollo Rural (IDR). Los beneficiaros son aproximadamente 4.000 &nbsp;productores y se prev&eacute; que los fondos se destinen al combate al combate de la plaga de Lobesia botrana o polilla de la vid.<\/div>\n<div><\/div>\n<div dir=\"ltr\">Se abordaron aspectos t&eacute;cnicos, como biolog&iacute;a, informaci&oacute;n sobre el estado de situaci&oacute;n, manejo integrado de la plaga y utilizaci&oacute;n de la t&eacute;cnica de confusi&oacute;n sexual, entre otros aspectos. Asimismo,&nbsp;los encuentros se complementaron con tareas a campo, permitiendo que los productores instalen los difusores en las fincas y de esta forma incorporen los principios elementales a trav&eacute;s de la experiencia directa.<\/div>\n<\/body><\/html>\n","protected":false},"excerpt":{"rendered":"A fin de optimizar las condiciones fitosanitarias para la pr\u00f3xima campa\u00f1a, durante esta semana se realizaron diversos encuentros de capacitaci\u00f3n te\u00f3rico-pr\u00e1cticos sobre la plaga de polilla de la vid y su control.","protected":false},"author":3,"featured_media":66941,"comment_status":"open","ping_status":"open","sticky":false,"template":"","format":"standard","meta":[],"categories":[1],"tags":[],"_links":{"self":[{"href":"https:\/\/www.mendoza.gov.ar\/prensa\/wp-json\/wp\/v2\/posts\/66876"}],"collection":[{"href":"https:\/\/www.mendoza.gov.ar\/prensa\/wp-json\/wp\/v2\/posts"}],"about":[{"href":"https:\/\/www.mendoza.gov.ar\/prensa\/wp-json\/wp\/v2\/types\/post"}],"author":[{"embeddable":true,"href":"https:\/\/www.mendoza.gov.ar\/prensa\/wp-json\/wp\/v2\/users\/3"}],"replies":[{"embeddable":true,"href":"https:\/\/www.mendoza.gov.ar\/prensa\/wp-json\/wp\/v2\/comments?post=66876"}],"version-history":[{"count":0,"href":"https:\/\/www.mendoza.gov.ar\/prensa\/wp-json\/wp\/v2\/posts\/66876\/revisions"}],"wp:featuredmedia":[{"embeddable":true,"href":"https:\/\/www.mendoza.gov.ar\/prensa\/wp-json\/wp\/v2\/media\/66941"}],"wp:attachment":[{"href":"https:\/\/www.mendoza.gov.ar\/prensa\/wp-json\/wp\/v2\/media?parent=66876"}],"wp:term":[{"taxonomy":"category","embeddable":true,"href":"https:\/\/www.mendoza.gov.ar\/prensa\/wp-json\/wp\/v2\/categories?post=66876"},{"taxonomy":"post_tag","embeddable":true,"href":"https:\/\/www.mendoza.gov.ar\/prensa\/wp-json\/wp\/v2\/tags?post=66876"}],"curies":[{"name":"wp","href":"https:\/\/api.w.org\/{rel}","templated":true}]}}