{"id":66894,"date":"2016-09-17T10:21:04","date_gmt":"2016-09-17T13:21:04","guid":{"rendered":"http:\/\/prensa.mendoza.gov.ar\/?p=66894"},"modified":"2016-09-17T10:21:04","modified_gmt":"2016-09-17T13:21:04","slug":"taller-literario-para-la-estimulacion-cognitiva-en-adultos-mayores","status":"publish","type":"post","link":"https:\/\/www.mendoza.gov.ar\/prensa\/taller-literario-para-la-estimulacion-cognitiva-en-adultos-mayores\/","title":{"rendered":"OSEP realiza talleres literarios para la estimulaci\u00f3n cognitiva en Adultos Mayores"},"content":{"rendered":"<!DOCTYPE html PUBLIC \"-\/\/W3C\/\/DTD HTML 4.0 Transitional\/\/EN\" \"http:\/\/www.w3.org\/TR\/REC-html40\/loose.dtd\">\n<html><body><p>El Departamento de Gesti&oacute;n de Pol&iacute;ticas Sociales para Adultos Mayores realiz&oacute; un nuevo taller destinado a las personas mayores con el fin contribuir a la estimulaci&oacute;n cognitiva y el desarrollo de la memoria. Estuvo a&nbsp;cargo del doctor Oscar Aguilar, m&eacute;dico geriatra, y la actividad se desarroll&oacute; en el edificio Xeltahuina de la Obra Social de Empleados P&uacute;blicos (OSEP), con una gran concurrencia.<\/p>\n<p>Se trata del &ldquo;Taller Literario de Estimulaci&oacute;n Cognitiva&rdquo;,&nbsp;cuyo objetivo es alentar la atenci&oacute;n, la fluidez verbal, la memoria y las funciones&nbsp;ejecutivas relacionadas con procesos cognitivos m&aacute;s complejos que permiten asociar ideas y acciones simples para llevar a cabo tareas m&aacute;s complejas.<\/p>\n<p>La finalidad es aumentar la capacidad de concentraci&oacute;n, incrementar&nbsp;la eficacia en los procesos de atenci&oacute;n y mantener la mente m&aacute;s flexible y &aacute;gil y, en&nbsp;consecuencia, prevenir el deterioro mental.<\/p>\n<p>Este entrenamiento puede ayudar a la persona mayor a ser m&aacute;s eficiente y efectiva en aquello que se proponga y, sobre todo, prevenir alteraciones cognitivas.<\/p>\n<p>Los interesados en participar en futuras convocatorias pueden&nbsp;inscribirse y solicitar informes en Rondeau 332, Ciudad, de 8 a 15, o al tel&eacute;fono 4615105.<\/p>\n<\/body><\/html>\n","protected":false},"excerpt":{"rendered":"Buscan alentar la atenci\u00f3n, la fluidez verbal, la memoria y las funciones ejecutivas relacionadas con procesos cognitivos m\u00e1s complejos. Los interesados pueden inscribirse y solicitar informes en Rondeau 332, Ciudad, de 8 a 15, o al tel\u00e9fono 4615105.","protected":false},"author":3,"featured_media":66895,"comment_status":"open","ping_status":"open","sticky":false,"template":"","format":"standard","meta":[],"categories":[30],"tags":[],"_links":{"self":[{"href":"https:\/\/www.mendoza.gov.ar\/prensa\/wp-json\/wp\/v2\/posts\/66894"}],"collection":[{"href":"https:\/\/www.mendoza.gov.ar\/prensa\/wp-json\/wp\/v2\/posts"}],"about":[{"href":"https:\/\/www.mendoza.gov.ar\/prensa\/wp-json\/wp\/v2\/types\/post"}],"author":[{"embeddable":true,"href":"https:\/\/www.mendoza.gov.ar\/prensa\/wp-json\/wp\/v2\/users\/3"}],"replies":[{"embeddable":true,"href":"https:\/\/www.mendoza.gov.ar\/prensa\/wp-json\/wp\/v2\/comments?post=66894"}],"version-history":[{"count":0,"href":"https:\/\/www.mendoza.gov.ar\/prensa\/wp-json\/wp\/v2\/posts\/66894\/revisions"}],"wp:featuredmedia":[{"embeddable":true,"href":"https:\/\/www.mendoza.gov.ar\/prensa\/wp-json\/wp\/v2\/media\/66895"}],"wp:attachment":[{"href":"https:\/\/www.mendoza.gov.ar\/prensa\/wp-json\/wp\/v2\/media?parent=66894"}],"wp:term":[{"taxonomy":"category","embeddable":true,"href":"https:\/\/www.mendoza.gov.ar\/prensa\/wp-json\/wp\/v2\/categories?post=66894"},{"taxonomy":"post_tag","embeddable":true,"href":"https:\/\/www.mendoza.gov.ar\/prensa\/wp-json\/wp\/v2\/tags?post=66894"}],"curies":[{"name":"wp","href":"https:\/\/api.w.org\/{rel}","templated":true}]}}