{"id":66922,"date":"2016-09-16T15:31:14","date_gmt":"2016-09-16T18:31:14","guid":{"rendered":"http:\/\/prensa.mendoza.gov.ar\/?p=66922"},"modified":"2016-09-16T15:31:14","modified_gmt":"2016-09-16T18:31:14","slug":"el-gobernador-inauguro-la-biblioteca-publica-de-la-paz-y-visito-las-obras-del-futuro-hospital-illia","status":"publish","type":"post","link":"https:\/\/www.mendoza.gov.ar\/prensa\/el-gobernador-inauguro-la-biblioteca-publica-de-la-paz-y-visito-las-obras-del-futuro-hospital-illia\/","title":{"rendered":"El Gobernador inaugur\u00f3 la Biblioteca P\u00fablica de La Paz y visit\u00f3 las obras del futuro hospital Illia"},"content":{"rendered":"<!DOCTYPE html PUBLIC \"-\/\/W3C\/\/DTD HTML 4.0 Transitional\/\/EN\" \"http:\/\/www.w3.org\/TR\/REC-html40\/loose.dtd\">\n<html><body><p>El Gobernador y&nbsp;parte de su gabinete concurrieron esta ma&ntilde;ana al departamento de La Paz para&nbsp;recorrer e inaugurar obras prometidas. Alfredo Cornejo estuvo acompa&ntilde;ado por el intendente, Gustavo Pinto; el ministro de Econom&iacute;a, Infraestructura y Energ&iacute;a, Enrique Vaqui&eacute;; el titular de la Direcci&oacute;n General de Escuelas (DGE), Jaime Correas, y el secretario de Cultura, Diego Gareca.<\/p>\n<p>Reci&eacute;n llegado al departamento del Este, Alfredo Cornejo fue hasta el lugar en donde acaban de comenzarse las obras para lo que ser&aacute; el pr&oacute;ximo Hospital Arturo Illia. El proyecto inicial,&nbsp;que consist&iacute;a en construir una UDI, fue modificado con el fin de atender la demanda sanitaria de la zona.<\/p>\n<p><a href=\"https:\/\/www.mendoza.gov.ar\/prensa\/wp-content\/uploads\/sites\/23\/gober-pinto.jpg\"><img loading=\"lazy\" class=\"alignnone wp-image-66932 img-responsive center-block\" src=\"https:\/\/www.mendoza.gov.ar\/prensa\/wp-content\/uploads\/sites\/23\/gober-pinto.jpg\" alt=\"\" width=\"250\" height=\"166\"><\/a><\/p>\n<p>A continuaci&oacute;n, el Gobernador inaugur&oacute; el edificio de la Biblioteca P&uacute;blica Enrique Dussel, en donde se est&aacute; dando inicio, tambi&eacute;n, a la Feria del Libro de La Paz.<\/p>\n<p>A su llegada, Cornejo fue saludado por vecinos e invitado, junto a sus ministros, a realizar una prueba de Marat&oacute;n de Lectura, juego interactivo realizado por alumnos del departamento.<\/p>\n<p>&ldquo;Es un gusto trabajar con un departamento tan bien administrado. Tenemos objetivos comunes, que es lograr que los servicios funcionen cada vez mejor y potenciar a los privados. Estamos logrando cosas aunque sabemos que hay mucho por hacer. Tenemos que ponernos metas ambiciosas pero realistas&rdquo;, dijo Cornejo.<\/p>\n<p>&ldquo;Al asumir, el intendente me dio un listado, llev&oacute; escrito todo lo que necesitaba el departamento y hoy todas esas cosas est&aacute;n en marcha y algunas terminadas&rdquo;, explic&oacute; el mandatario, y agreg&oacute;: &ldquo;Con buena administraci&oacute;n reprogramamos las deudas, pagamos lo que se deb&iacute;a y con esa agenda del intendente, muy bien focalizada por parte del Municipio, comenzamos los trabajos que necesitaba la Comuna. La administraci&oacute;n no es magia, es gastar bien de manera eficiente&rdquo;.<\/p>\n<p><a href=\"https:\/\/www.mendoza.gov.ar\/prensa\/wp-content\/uploads\/sites\/23\/corn.jpg\"><img loading=\"lazy\" class=\"alignnone wp-image-66934 img-responsive center-block\" src=\"https:\/\/www.mendoza.gov.ar\/prensa\/wp-content\/uploads\/sites\/23\/corn.jpg\" alt=\"\" width=\"250\" height=\"166\"><\/a><\/p>\n<p>El Gobernador detall&oacute;: &ldquo;Le agregamos algunas cosas al proyecto inicial y el propio Municipio incorpor&oacute; mobiliario para construir la biblioteca que hoy estamos inaugurando. La Provincia puso 400 libros y muchos videos, ya que est&aacute; preparada no s&oacute;lo para la lectura sino tambi&eacute;n para la reproducci&oacute;n de pel&iacute;culas&rdquo;.<\/p>\n<p>Durante su discurso, Cornejo se focaliz&oacute; en tres&nbsp;obras claves solicitadas por Pinto. &ldquo;El Hospital Arturo Illia, que es una obra con gran demanda y en la que ya se est&aacute; haciendo el movimiento de suelo. Necesitamos que las enfermedades menores se atiendan en el lugar y&nbsp;que s&oacute;lo los pacientes que presenten cuadros de la alta complejidad se atiendan en el Gran Mendoza, y para eso tenemos que brindar la infraestructura adecuada, que es lo que vamos a hacer. El segundo proyecto en el que estamos trabajando es en el del Centro C&iacute;vico, accesible a todo el pueblo pero cerca de la ruta. Se compr&oacute; m&aacute;s terreno para poder hacer un doble centro c&iacute;vico que agregue infraestructura en el lugar. Y, en tercer lugar, queremos potenciar el sector privado, que hace un gran esfuerzo, que es peque&ntilde;o pero tiene potencialidades en algunos aspectos. Entre ellos la ganader&iacute;a. Estamos en un gran proyecto que va a tener alto impacto en La Paz, que es el acueducto ganadero La Paz-Monte Coman&rdquo;.<\/p>\n<p>Adem&aacute;s, indic&oacute; el Gobernador: &ldquo;Hemos firmando un acuerdo con el Consejo Federal de Inversiones para realizar el proyecto y, una vez que lo tengamos, lo vamos a licitar. Es una obra de varios millones de d&oacute;lares, pero lo importante es que ese acueducto va a permitir ampliar la producci&oacute;n ganadera del lugar y otras actividades colaterales. Con esto&nbsp;le damos al sector privado una viabilidad para que la gente de La Paz que se dedica a la ganader&iacute;a pueda expandirse&rdquo;.<\/p>\n<p>Otra obra que contribuir&aacute; a la sanidad del departamento es la &ldquo;de mejorar la potabilizaci&oacute;n y distribuci&oacute;n del agua a trav&eacute;s de la concreci&oacute;n del sistema Las Chacritas-La Menta&rdquo;, sostuvo Cornejo.<\/p>\n<p>A su turno, el intendente Pintos explic&oacute;: &ldquo;En el marco de los festejos del a&ntilde;o del Bicentenario de la Independencia, armamos el libreto que hablaba de la lectura de un libro. Porque entendemos que una de las cosas que le da m&aacute;s independencia personal a un ser humano es un libro&rdquo;.<\/p>\n<p>Pinto indic&oacute; que le parec&iacute;a oportuno que la biblioteca estuviera finalizada para la Feria del Libro y por esto agradeci&oacute; a todas las autoridades provinciales haber logrado el objetivo. &ldquo;Lo que pretendemos es que los vecinos e instituciones tengan un lugar para hacerlo propio. Hoy abrimos las puertas para que sea un lugar m&aacute;s de encuentro para los pace&ntilde;os&rdquo;, dijo Pinto.<\/p>\n<p>Agradeci&oacute; que en estos nueve&nbsp;meses de gesti&oacute;n se ha avanzado en las tareas&nbsp;de Las Chacritas, la obra integral de Desaguadero, la construcci&oacute;n del hospital, el acueducto, el parque solar, la reactivaci&oacute;n de la construcci&oacute;n de viviendas: &ldquo;Todo lo que el Municipio pidi&oacute; se est&aacute; cumpliendo&rdquo;.<\/p>\n<p>El acueducto Chacaritas-La Menta se est&aacute; por adjudicar en estos d&iacute;as, como se comprometi&oacute; el Gobernador en su anterior visita al departamento. Son 23 km de ca&ntilde;er&iacute;as de PVC que beneficiar&aacute;n a 53 familias, que hoy no tienen agua potable, a 100 alumnos de la Escuela Capdevila y a 170 alumnos de la Escuela Mar&iacute;a de Alemanci.<\/p>\n<p><strong>Las instalaciones<\/strong><\/p>\n<p>La Biblioteca alberga una plaza educativa completa compuesta por libros de autores locales, nacionales e internacionales, equipamiento, mobiliario y tecnolog&iacute;a de &uacute;ltima generaci&oacute;n y cuya construcci&oacute;n requiri&oacute; una inversi&oacute;n de $4.528.000.<\/p>\n<p><a href=\"https:\/\/www.mendoza.gov.ar\/prensa\/wp-content\/uploads\/sites\/23\/biblio-gober.jpg\"><img loading=\"lazy\" class=\"alignnone wp-image-66935 img-responsive center-block\" src=\"https:\/\/www.mendoza.gov.ar\/prensa\/wp-content\/uploads\/sites\/23\/biblio-gober.jpg\" alt=\"\" width=\"250\" height=\"166\"><\/a><\/p>\n<p>El edificio posee un espacio cultural y multimedia de 172 metros cuadrados de superficie total cubierta.<\/p>\n<p>En su dise&ntilde;o se utiliz&oacute; tecnolog&iacute;a para el uso de energ&iacute;as renovables, por lo que se instalaron paneles fotovoltaicos y un sistema termomec&aacute;nico con aprovechamiento geot&eacute;rmico para aire fr&iacute;o y caliente por conducto, a fin de obtener energ&iacute;a el&eacute;ctrica solar que alimente el edificio con bajo consumo de energ&iacute;a.<\/p>\n<p>El espacio cultural y multimedia posee una moderna arquitectura que cuenta con patio de lectura y recreaci&oacute;n, aulas interactivas, aulas inform&aacute;ticas, sal&oacute;n de lectura interno, jard&iacute;n, recepci&oacute;n y administraci&oacute;n, bufete, ba&ntilde;os, y sala de lectura para ni&ntilde;os.<\/p>\n<p>Hay que recordar que, paralelamente a esta obra, se avanza en seis bibliotecas m&aacute;s ubicadas en San Mart&iacute;n, Capital, Luj&aacute;n de Cuyo, Rivadavia, Tupungato y Godoy Cruz y que estar&iacute;an finalizadas en el pr&oacute;ximo a&ntilde;o.<\/p>\n<p><strong>Hospital Humberto Illia<\/strong><\/p>\n<p>El futuro edificio, que ser&aacute; culminado en un plazo de&nbsp; 24 meses, remplazar&aacute; al que actualmente est&aacute; en funcionamiento y que ha quedado obsoleto debido al crecimiento poblacional.<\/p>\n<p>El proyecto inicial se ampli&oacute; a 3.500 m2 totales y permitir&aacute; desarrollar las &aacute;reas de quir&oacute;fano, maternidad e internaci&oacute;n, que no se encontraban previstas en el proyecto inicial.<\/p>\n<p>Las obras se encuentran en etapa de movimiento y nivelado de suelos e instalaci&oacute;n del obrador.<\/p>\n<\/body><\/html>\n","protected":false},"excerpt":{"rendered":"Alfredo Cornejo recorri\u00f3 el inicio de obra de la ex UDI de La Paz, que remplazar\u00e1 al antiguo hospital departamental. Tambi\u00e9n inaugur\u00f3 la Biblioteca P\u00fablica y la Feria del Libro local.","protected":false},"author":3,"featured_media":66930,"comment_status":"open","ping_status":"open","sticky":false,"template":"","format":"standard","meta":[],"categories":[19],"tags":[],"_links":{"self":[{"href":"https:\/\/www.mendoza.gov.ar\/prensa\/wp-json\/wp\/v2\/posts\/66922"}],"collection":[{"href":"https:\/\/www.mendoza.gov.ar\/prensa\/wp-json\/wp\/v2\/posts"}],"about":[{"href":"https:\/\/www.mendoza.gov.ar\/prensa\/wp-json\/wp\/v2\/types\/post"}],"author":[{"embeddable":true,"href":"https:\/\/www.mendoza.gov.ar\/prensa\/wp-json\/wp\/v2\/users\/3"}],"replies":[{"embeddable":true,"href":"https:\/\/www.mendoza.gov.ar\/prensa\/wp-json\/wp\/v2\/comments?post=66922"}],"version-history":[{"count":0,"href":"https:\/\/www.mendoza.gov.ar\/prensa\/wp-json\/wp\/v2\/posts\/66922\/revisions"}],"wp:featuredmedia":[{"embeddable":true,"href":"https:\/\/www.mendoza.gov.ar\/prensa\/wp-json\/wp\/v2\/media\/66930"}],"wp:attachment":[{"href":"https:\/\/www.mendoza.gov.ar\/prensa\/wp-json\/wp\/v2\/media?parent=66922"}],"wp:term":[{"taxonomy":"category","embeddable":true,"href":"https:\/\/www.mendoza.gov.ar\/prensa\/wp-json\/wp\/v2\/categories?post=66922"},{"taxonomy":"post_tag","embeddable":true,"href":"https:\/\/www.mendoza.gov.ar\/prensa\/wp-json\/wp\/v2\/tags?post=66922"}],"curies":[{"name":"wp","href":"https:\/\/api.w.org\/{rel}","templated":true}]}}