{"id":66947,"date":"2016-09-17T10:00:19","date_gmt":"2016-09-17T13:00:19","guid":{"rendered":"http:\/\/prensa.mendoza.gov.ar\/?p=66947"},"modified":"2016-09-17T10:00:19","modified_gmt":"2016-09-17T13:00:19","slug":"finalizo-la-tercera-semana-de-exposiciones-del-espacio-de-dialogo-minero","status":"publish","type":"post","link":"https:\/\/www.mendoza.gov.ar\/prensa\/finalizo-la-tercera-semana-de-exposiciones-del-espacio-de-dialogo-minero\/","title":{"rendered":"Finaliz\u00f3 la tercera semana de exposiciones del Espacio de Di\u00e1logo Minero"},"content":{"rendered":"<!DOCTYPE html PUBLIC \"-\/\/W3C\/\/DTD HTML 4.0 Transitional\/\/EN\" \"http:\/\/www.w3.org\/TR\/REC-html40\/loose.dtd\">\n<html><body><p>Con siete&nbsp;exposiciones referidas a los ejes econ&oacute;mico, legal, social y tem&aacute;tico amplio, finaliz&oacute; una nueva semana del Espacio de Di&aacute;logo para crear una pol&iacute;tica de Estado minera para un desarrollo sustentable.<\/p>\n<p>Dentro del espacio social y tem&aacute;tico amplio, Silvia Jardel, del Consejo Empresario Mendocino, y Alberto Manzur expusieron acerca de la Miner&iacute;a Responsable para el Crecimiento con Equidad y las consideraciones territoriales de la Miner&iacute;a Metal&iacute;fera en la Provincia de Mendoza respectivamente.<\/p>\n<p>Al respecto, el subsecretario de Energ&iacute;a y Miner&iacute;a, Emilio Gui&ntilde;az&uacute;, rescat&oacute; que la charla con Jardel fue muy interesante al plantear que &ldquo;los beneficios y perjuicios que puede traer la miner&iacute;a a una comunidad son directamente proporcionales a la calidad de sus instituciones&rdquo;.<\/p>\n<p>Por otro lado, destac&oacute; una reflexi&oacute;n de Alberto Manzur sobre la percepci&oacute;n de la sociedad en la actividad minera y el desaf&iacute;o que tiene Mendoza por delante. &ldquo;La sociedad hoy percibe a la miner&iacute;a como un peligro, una amenaza,y el desaf&iacute;o es poder pasar de esta percepci&oacute;n a una visi&oacute;n de riesgo, porque la diferencia es que, en lugar de generar una reacci&oacute;n defensiva y un rechazo, el riesgo por el contrario genera una actitud proactiva, anal&iacute;tica, que puede cuantificarse y se le hace frente con medidas preventivas y planes de contingencia&rdquo;, dijo Gui&ntilde;az&uacute;.<\/p>\n<p>A modo de reflexi&oacute;n, el funcionario coment&oacute;:&nbsp;&ldquo;Vamos a concentrarnos en la miner&iacute;a que se puede hacer, de la forma que se puede hacer y en donde se puede hacer. En este &aacute;mbito, Malarg&uuml;e tiene una oportunidad que debemos potenciar&rdquo;.<\/p>\n<p>Asimismo, dentro del espacio econ&oacute;mico y legal, las ponencias fueron acerca del desarrollo de proveedores de la industria minera, qu&eacute; ve un inversor cuando mira a Argentina y a Mendoza, la reformulaci&oacute;n de la Ley 7722, la Ley de Aguas,&nbsp;el procesamiento de minerales y uso del cianuro en miner&iacute;a aur&iacute;fera.<\/p>\n<p>Finalmente, Gui&ntilde;az&uacute; comparti&oacute; con&nbsp;los participantes del encuentro la novedad del convenio firmado con la empresa Vale para la reactivaci&oacute;n del proyecto Potasio R&iacute;o Colorado.<\/p>\n<\/body><\/html>\n","protected":false},"excerpt":{"rendered":"Un nuevo encuentro del espacio econ\u00f3mico, legal, tem\u00e1tico amplio y social finaliz\u00f3 esta semana. \u201cVamos a concentrarnos en la miner\u00eda que se puede hacer\u201d, declar\u00f3 el subsecretario Gui\u00f1az\u00fa.","protected":false},"author":3,"featured_media":66948,"comment_status":"open","ping_status":"open","sticky":false,"template":"","format":"standard","meta":[],"categories":[1],"tags":[],"_links":{"self":[{"href":"https:\/\/www.mendoza.gov.ar\/prensa\/wp-json\/wp\/v2\/posts\/66947"}],"collection":[{"href":"https:\/\/www.mendoza.gov.ar\/prensa\/wp-json\/wp\/v2\/posts"}],"about":[{"href":"https:\/\/www.mendoza.gov.ar\/prensa\/wp-json\/wp\/v2\/types\/post"}],"author":[{"embeddable":true,"href":"https:\/\/www.mendoza.gov.ar\/prensa\/wp-json\/wp\/v2\/users\/3"}],"replies":[{"embeddable":true,"href":"https:\/\/www.mendoza.gov.ar\/prensa\/wp-json\/wp\/v2\/comments?post=66947"}],"version-history":[{"count":0,"href":"https:\/\/www.mendoza.gov.ar\/prensa\/wp-json\/wp\/v2\/posts\/66947\/revisions"}],"wp:featuredmedia":[{"embeddable":true,"href":"https:\/\/www.mendoza.gov.ar\/prensa\/wp-json\/wp\/v2\/media\/66948"}],"wp:attachment":[{"href":"https:\/\/www.mendoza.gov.ar\/prensa\/wp-json\/wp\/v2\/media?parent=66947"}],"wp:term":[{"taxonomy":"category","embeddable":true,"href":"https:\/\/www.mendoza.gov.ar\/prensa\/wp-json\/wp\/v2\/categories?post=66947"},{"taxonomy":"post_tag","embeddable":true,"href":"https:\/\/www.mendoza.gov.ar\/prensa\/wp-json\/wp\/v2\/tags?post=66947"}],"curies":[{"name":"wp","href":"https:\/\/api.w.org\/{rel}","templated":true}]}}