{"id":66981,"date":"2016-09-17T16:00:44","date_gmt":"2016-09-17T19:00:44","guid":{"rendered":"http:\/\/prensa.mendoza.gov.ar\/?p=66981"},"modified":"2016-09-17T16:00:44","modified_gmt":"2016-09-17T19:00:44","slug":"economia-y-capital-dictaran-curso-de-auxiliar-mecanico-en-bicicletas","status":"publish","type":"post","link":"https:\/\/www.mendoza.gov.ar\/prensa\/economia-y-capital-dictaran-curso-de-auxiliar-mecanico-en-bicicletas\/","title":{"rendered":"Econom\u00eda y Capital dictar\u00e1n curso de auxiliar mec\u00e1nico en bicicletas"},"content":{"rendered":"<!DOCTYPE html PUBLIC \"-\/\/W3C\/\/DTD HTML 4.0 Transitional\/\/EN\" \"http:\/\/www.w3.org\/TR\/REC-html40\/loose.dtd\">\n<html><body><p>El &nbsp;Instituto de Desarrollo Comercial (IDC), &oacute;rgano dependiente del Ministerio de Econom&iacute;a Infraestructura y Energ&iacute;a de Mendoza, y la Municipalidad de Capital, a trav&eacute;s del programa &ldquo;En la Bici&rdquo;, dictar&aacute;n un nuevo curso de auxiliar mec&aacute;nico en bicicletas.<\/p>\n<p>En el marco del programa de Responsabilidad Social y Ambiental, desde el IDC se busca incentivar el uso, en forma constante, de este medio de transporte ya que es un veh&iacute;culo saludable, no contaminante y protector del medioambiente.<\/p>\n<p>La actividad, dirigida a todas aquellas personas mayores de edad, comenzar&aacute; a dictarse el pr&oacute;ximo mi&eacute;rcoles 21 de septiembre de 18 a 20 horas en La Estaci&oacute;n Cultural, Belgrano y Las Heras, de Ciudad, y est&aacute; previsto se extienda por al menos 4 semanas debido a la cantidad de material por desarrollar.<\/p>\n<p>&ldquo;Esta iniciativa no tiene costo alguno para los participantes. Los d&iacute;as y horarios elegidos ya nos han brindado excelentes resultados&rdquo;, remarc&oacute; Javier Passera, responsable del programa &ldquo;En la Bici&rdquo; que une al departamento de Godoy Cruz con la Ciudad de Mendoza.<\/p>\n<p>El funcionario destac&oacute; la importancia que tiene, para los j&oacute;venes mayormente, este tipo de convocatorias. &ldquo;Lo que ofrecemos no solo tiene por objetivo capacitar para allanar el camino a una posible alternativa laboral sino que, adem&aacute;s, estamos incentivando el uso de este veh&iacute;culo por lo bien que hace a la salud y al medioambiente&rdquo;, dijo.<\/p>\n<p>Por su parte, Daniel Dimartino, Gerente General del IDC, a&ntilde;adi&oacute; &ldquo;que existe la posibilidad de contar con un oficio que perfectamente puede ser una salida laboral, que le estamos haciendo un bien a nuestro cuerpo y que estamos cuidando al medioambiente, buscamos descomprimir la Ciudad de la gran cantidad de veh&iacute;culos que ingresan a diario&rdquo;.<\/p>\n<p>Desde el municipio informaron que todos los interesados ser&aacute;n capacitados en nociones b&aacute;sicas de reparaci&oacute;n y armado de estos rodados menores y adem&aacute;s, existe la posibilidad de la realizaci&oacute;n de pasant&iacute;as laborales, ampliando m&aacute;s a&uacute;n la posibilidad de conseguir un puesto laboral.<\/p>\n<p>Vale aclarar que todos aquellos participantes, recibir&aacute;n un certificado emitido por la COMMBI , C&aacute;mara Argentina de Comercio e Industria de la Bicicleta, partes, rodados y afines.<\/p>\n<p><strong>Sobre el lanzamiento<\/strong><\/p>\n<p>La iniciativa, la cuarta que se impulsa desde el municipio y la primera a la que se suma el IDC, ser&aacute; lanzada oficialmente el pr&oacute;ximo lunes 19, a las 19 horas, en el microcine municipal en calle 9 de julio de Ciudad.<\/p>\n<p><strong>Consultas e inscripciones<\/strong><\/p>\n<p>Para la cuarta capacitaci&oacute;n, los interesados pueden consultar comunic&aacute;ndose v&iacute;a mail a enlabici@ciudaddemendoza.gov.ar e inscribirse en: https:\/\/goo.gl\/forms\/AECmbD5VKK.<\/p>\n<p><strong>Programa<\/strong><\/p>\n<p>Presentaci&oacute;n del curso y demostraci&oacute;n de herramientas, nombres y funcionamiento.<\/p>\n<p>Demostraci&oacute;n: armado y regulaci&oacute;n de transmisi&oacute;n completa&nbsp; incluyendo rueda trasera.<\/p>\n<p>Clase te&oacute;rica de &ldquo;transmisiones&rdquo;<\/p>\n<p>Te&oacute;rico &ldquo;el cambio trasero&rdquo;<\/p>\n<p>Pr&aacute;ctico &ldquo;el cambio trasero&rdquo;<\/p>\n<p>Te&oacute;rico &ldquo;el descarrilador&rdquo;<\/p>\n<p>Pr&aacute;ctico &ldquo;el descarrilador&rdquo;<\/p>\n<p>Te&oacute;rico &ldquo;cajas pedaleras&rdquo;-&ldquo;platos y palancas&rdquo;<\/p>\n<p>Pr&aacute;ctico &ldquo;cajas pedaleras&rdquo; &ldquo;platos y palancas&rdquo;<\/p>\n<p>Te&oacute;rico &ldquo;cadenas, pi&ntilde;ones y comando de cambios&rdquo;<\/p>\n<p>Pr&aacute;ctico &ldquo;armado y regulaci&oacute;n de transmisiones&rdquo;<\/p>\n<p>Te&oacute;rico &ldquo;movimientos de direcci&oacute;n&rdquo;<\/p>\n<p>Pr&aacute;ctico &ldquo;movimientos de direcci&oacute;n&rdquo;<\/p>\n<p>Te&oacute;rico &ldquo;frenos&rdquo;<\/p>\n<p>Pr&aacute;ctico &ldquo;frenos&rdquo;<\/p>\n<p>Te&oacute;rico &ldquo;armado de ruedas&rdquo;<\/p>\n<p>Pr&aacute;ctico &ldquo;armado de ruedas&rdquo;<\/p>\n<p>Pr&aacute;ctico &ldquo;centrado de ruedas&rdquo;<\/p>\n<p>Pr&aacute;ctico &ldquo;armado y centrado de ruedas&rdquo;<\/p>\n<p>Pr&aacute;ctico &ldquo;armado y centrado de ruedas&rdquo; (cronometrado)<\/p>\n<p>Te&oacute;rico\/pr&aacute;ctico &ldquo;ca&ntilde;os de asiento, asientos, manubrios y stems&rdquo;<\/p>\n<p>Pr&aacute;ctico &ldquo;armado de bicicleta completa&rdquo;<\/p>\n<p>Te&oacute;rico &ldquo;estilos, geometr&iacute;as y posiciones de manejo&rdquo;<\/p>\n<p>Pr&aacute;ctico &ldquo;servicio completo&rdquo;<\/p>\n<p>Te&oacute;rico\/pr&aacute;ctico &ldquo;suspensiones&rdquo;<\/p>\n<p>Te&oacute;rico\/pr&aacute;ctico &ldquo;frenos a discos&rdquo;<\/p>\n<p>Te&oacute;rico\/pr&aacute;ctico &ldquo;toma de reparaciones, evaluaci&oacute;n de da&ntilde;os&rdquo;<\/p>\n<p>Te&oacute;rico\/pr&aacute;ctico &ldquo;C&aacute;maras, cubiertas, llantas y rayos&rdquo;&nbsp; (recambio, instalaci&oacute;n y reparaci&oacute;n)<\/p>\n<p>Te&oacute;rico\/pr&aacute;ctico &ldquo;mazas, ejes conos y bolillas&rdquo; (recambio, instalaci&oacute;n y reparaci&oacute;n)<\/p>\n<p>Evaluaci&oacute;n final<\/p>\n<\/body><\/html>\n","protected":false},"excerpt":{"rendered":"Dirigido a personas mayores de edad, la actividad inicia el pr\u00f3ximo mi\u00e9rcoles 21 de septiembre de 18 a 20 en La Estaci\u00f3n Cultural, Belgrano y Las Heras, de Ciudad. La iniciativa se extender\u00e1 por al menos 4 semanas y no tiene costo. Cupos limitados.","protected":false},"author":3,"featured_media":0,"comment_status":"open","ping_status":"open","sticky":false,"template":"","format":"standard","meta":[],"categories":[1],"tags":[],"_links":{"self":[{"href":"https:\/\/www.mendoza.gov.ar\/prensa\/wp-json\/wp\/v2\/posts\/66981"}],"collection":[{"href":"https:\/\/www.mendoza.gov.ar\/prensa\/wp-json\/wp\/v2\/posts"}],"about":[{"href":"https:\/\/www.mendoza.gov.ar\/prensa\/wp-json\/wp\/v2\/types\/post"}],"author":[{"embeddable":true,"href":"https:\/\/www.mendoza.gov.ar\/prensa\/wp-json\/wp\/v2\/users\/3"}],"replies":[{"embeddable":true,"href":"https:\/\/www.mendoza.gov.ar\/prensa\/wp-json\/wp\/v2\/comments?post=66981"}],"version-history":[{"count":0,"href":"https:\/\/www.mendoza.gov.ar\/prensa\/wp-json\/wp\/v2\/posts\/66981\/revisions"}],"wp:attachment":[{"href":"https:\/\/www.mendoza.gov.ar\/prensa\/wp-json\/wp\/v2\/media?parent=66981"}],"wp:term":[{"taxonomy":"category","embeddable":true,"href":"https:\/\/www.mendoza.gov.ar\/prensa\/wp-json\/wp\/v2\/categories?post=66981"},{"taxonomy":"post_tag","embeddable":true,"href":"https:\/\/www.mendoza.gov.ar\/prensa\/wp-json\/wp\/v2\/tags?post=66981"}],"curies":[{"name":"wp","href":"https:\/\/api.w.org\/{rel}","templated":true}]}}