{"id":67005,"date":"2016-09-16T18:48:20","date_gmt":"2016-09-16T21:48:20","guid":{"rendered":"http:\/\/prensa.mendoza.gov.ar\/?p=67005"},"modified":"2016-09-16T18:48:20","modified_gmt":"2016-09-16T21:48:20","slug":"economia-busca-mejorar-herramientas-financieras-para-pymes-industriales","status":"publish","type":"post","link":"https:\/\/www.mendoza.gov.ar\/prensa\/economia-busca-mejorar-herramientas-financieras-para-pymes-industriales\/","title":{"rendered":"Econom\u00eda busca mejorar herramientas financieras para pymes industriales"},"content":{"rendered":"<!DOCTYPE html PUBLIC \"-\/\/W3C\/\/DTD HTML 4.0 Transitional\/\/EN\" \"http:\/\/www.w3.org\/TR\/REC-html40\/loose.dtd\">\n<html><body><p>Este mediod&iacute;a en Casa de Gobierno se reunieron funcionarios y empresarios para trabajar en nuevas herramientas que flexibilicen el costo financiero de las pymes. La reuni&oacute;n estuvo encabezada por el subsecretario de Industria y Comercio, Guillermo Cruz.<\/p>\n<p>Durante el encuentro, los representantes de la CAFIM plantearon sus necesidades, entre las que se destacaron las herramientas financieras y los requisitos para acceder a las mismas y por parte del Gobierno se expusieron las distintas acciones que se podr&iacute;an llevar a cabo en conjunto para solucionarlas.<\/p>\n<p>&ldquo;Creo que es un buen inicio para ayudarle a las empresas agroindustriales a que puedan financiarse a tasas competitivas y obtengan el capital de trabajo que necesitan para la temporada que se inicia en breve. Seguiremos trabajando junto al Ministerio de Hacienda y el Banco Naci&oacute;n para tener una respuesta superadora de la realidad&rdquo;, se&ntilde;al&oacute; Cruz.<\/p>\n<p>Tambi&eacute;n fueron parte de la reuni&oacute;n Ernesto Soler (Banco Naci&oacute;n), Francisco Herrera (Cuyo Aval), Lisandro Nieri (Ministerio de Hacienda y Finanzas), Lorenzo Nieva (Ministerio de Econom&iacute;a, Infraestructura y Energ&iacute;a) y los empresarios Alejandro Chapini, Domingo Mazara, Ra&uacute;l Giordano y Jos&eacute; Morales.<\/p>\n<\/body><\/html>\n","protected":false},"excerpt":{"rendered":"Trabajar\u00e1 en conjunto con el Banco Naci\u00f3n y Cuyo Aval y con representantes de la C\u00e1mara de la Fruta Industrializada de Mendoza (CAFIM).","protected":false},"author":3,"featured_media":67006,"comment_status":"open","ping_status":"open","sticky":false,"template":"","format":"standard","meta":[],"categories":[1],"tags":[],"_links":{"self":[{"href":"https:\/\/www.mendoza.gov.ar\/prensa\/wp-json\/wp\/v2\/posts\/67005"}],"collection":[{"href":"https:\/\/www.mendoza.gov.ar\/prensa\/wp-json\/wp\/v2\/posts"}],"about":[{"href":"https:\/\/www.mendoza.gov.ar\/prensa\/wp-json\/wp\/v2\/types\/post"}],"author":[{"embeddable":true,"href":"https:\/\/www.mendoza.gov.ar\/prensa\/wp-json\/wp\/v2\/users\/3"}],"replies":[{"embeddable":true,"href":"https:\/\/www.mendoza.gov.ar\/prensa\/wp-json\/wp\/v2\/comments?post=67005"}],"version-history":[{"count":0,"href":"https:\/\/www.mendoza.gov.ar\/prensa\/wp-json\/wp\/v2\/posts\/67005\/revisions"}],"wp:featuredmedia":[{"embeddable":true,"href":"https:\/\/www.mendoza.gov.ar\/prensa\/wp-json\/wp\/v2\/media\/67006"}],"wp:attachment":[{"href":"https:\/\/www.mendoza.gov.ar\/prensa\/wp-json\/wp\/v2\/media?parent=67005"}],"wp:term":[{"taxonomy":"category","embeddable":true,"href":"https:\/\/www.mendoza.gov.ar\/prensa\/wp-json\/wp\/v2\/categories?post=67005"},{"taxonomy":"post_tag","embeddable":true,"href":"https:\/\/www.mendoza.gov.ar\/prensa\/wp-json\/wp\/v2\/tags?post=67005"}],"curies":[{"name":"wp","href":"https:\/\/api.w.org\/{rel}","templated":true}]}}