{"id":67027,"date":"2016-09-17T19:18:02","date_gmt":"2016-09-17T22:18:02","guid":{"rendered":"http:\/\/prensa.mendoza.gov.ar\/?p=67027"},"modified":"2016-09-17T19:18:02","modified_gmt":"2016-09-17T22:18:02","slug":"osep-incremento-el-valor-para-las-prestaciones-de-discapacidad","status":"publish","type":"post","link":"https:\/\/www.mendoza.gov.ar\/prensa\/osep-incremento-el-valor-para-las-prestaciones-de-discapacidad\/","title":{"rendered":"OSEP increment\u00f3 el valor para las prestaciones de discapacidad"},"content":{"rendered":"<!DOCTYPE html PUBLIC \"-\/\/W3C\/\/DTD HTML 4.0 Transitional\/\/EN\" \"http:\/\/www.w3.org\/TR\/REC-html40\/loose.dtd\">\n<html><body><div>Tras varias reuniones con organizaciones de padres y afiliados particulares, los equipos t&eacute;cnicos de la obra social trabajaron en la implementaci&oacute;n de un nuevo esquema arancelario en las prestaciones de discapacidad que brinda OSEP a trav&eacute;s de sus institutos en convenio.<\/div>\n<div><\/div>\n<div>De esta manera la Obra Social busca integrar y mejorar las prestaciones a personas con discapacidad, definiendo contenidos, caracter&iacute;sticas, alcances y est&aacute;ndares de calidad de los servicios de atenci&oacute;n en cuanto a prestaciones de Rehabilitaci&oacute;n, terapias educativas y asistenciales&nbsp; y transporte contempladas en el Sistema de Prestaciones B&aacute;sicas de Atenci&oacute;n Integral a favor de las Personas con Discapacidad y fijar los criterios para la evaluaci&oacute;n y categorizaci&oacute;n de los recursos institucionales necesarios.<\/div>\n<div><\/div>\n<div><\/div>\n<div>El objetivo es mejorar la calidad de atenci&oacute;n y facilitar el acceso a la rehabilitaci&oacute;n de todos los afiliados con discapacidad.<\/div>\n<div><\/div>\n<div>Esta decisi&oacute;n tambi&eacute;n pretende lograr un aumento en los cupos disponibles para nuestros afiliados de OSEP en los centros de atenci&oacute;n especializados.<\/div>\n<div><\/div>\n<div><strong>Trabajar por una atenci&oacute;n de calidad<\/strong><\/div>\n<div><\/div>\n<div>Desde la adhesi&oacute;n de la Provincia a la Ley Nacional N&ordm; 24901 sobre el &ldquo;Sistema de Prestaciones B&aacute;sicas de Atenci&oacute;n Integral a favor de las Personas con Discapacidad&rdquo;, OSEP fue adecuando sus servicios para brindar la cobertura correspondiente. Con los nuevos valores lo que se intenta es que la atenci&oacute;n recibida sea la mejor en calidad y cantidad.<\/div>\n<div>\nM&aacute;s de 40 instituciones convenidas en toda la provincia brindan servicios de centro de d&iacute;a, centro educativo terap&eacute;utico, hogar, formaci&oacute;n laboral, rehabilitaci&oacute;n ambulatoria y estimulaci&oacute;n temprana entre otras.<\/div>\n<div><\/div>\n<div>La&nbsp;obra social ha reunido todos los esfuerzos econ&oacute;micos para llevar a cabo esta acci&oacute;n dado que, por ser un agente de salud provincial, no es parte del Sistema &Uacute;nico de Reintegros (S.U.R) dependiente de la Superintendencia de Servicios de Salud que subvenciona a las obras sociales y prepagas cuando se trata de cobertura en discapacidad.<\/div>\n<div dir=\"ltr\"><\/div>\n<div dir=\"ltr\">Por lo tanto es un gran paso que da respuesta a una demanda insatisfecha durante a&ntilde;os por parte de los afiliados y de los prestadores.<\/div>\n<div dir=\"ltr\"><\/div>\n<div dir=\"ltr\">Es importante destacar que la implementaci&oacute;n de estos aumentos van desde un 40% hasta un 80% en algunos casos y de acuerdo a la categorizaci&oacute;n de la prestaci&oacute;n que se da en la instituci&oacute;n.<\/div>\n<div dir=\"ltr\"><\/div>\n<div dir=\"ltr\">Por tal motivo, con esta iniciativa. OSEP se propone continuar con las auditor&iacute;as en terreno e incluir a corto plazo nuevos convenios que mejoren la oferta prestacional actual.<\/div>\n<\/body><\/html>\n","protected":false},"excerpt":{"rendered":"Desde el 1 de septiembre. entr\u00f3 en vigencia el aumento de valores de las prestaciones b\u00e1sicas del nomenclador de OSEP para personas con discapacidad. M\u00e1s de 8000 afiliados empadronados ser\u00e1n beneficiados con la nueva disposici\u00f3n.","protected":false},"author":3,"featured_media":0,"comment_status":"open","ping_status":"open","sticky":false,"template":"","format":"standard","meta":[],"categories":[30],"tags":[],"_links":{"self":[{"href":"https:\/\/www.mendoza.gov.ar\/prensa\/wp-json\/wp\/v2\/posts\/67027"}],"collection":[{"href":"https:\/\/www.mendoza.gov.ar\/prensa\/wp-json\/wp\/v2\/posts"}],"about":[{"href":"https:\/\/www.mendoza.gov.ar\/prensa\/wp-json\/wp\/v2\/types\/post"}],"author":[{"embeddable":true,"href":"https:\/\/www.mendoza.gov.ar\/prensa\/wp-json\/wp\/v2\/users\/3"}],"replies":[{"embeddable":true,"href":"https:\/\/www.mendoza.gov.ar\/prensa\/wp-json\/wp\/v2\/comments?post=67027"}],"version-history":[{"count":0,"href":"https:\/\/www.mendoza.gov.ar\/prensa\/wp-json\/wp\/v2\/posts\/67027\/revisions"}],"wp:attachment":[{"href":"https:\/\/www.mendoza.gov.ar\/prensa\/wp-json\/wp\/v2\/media?parent=67027"}],"wp:term":[{"taxonomy":"category","embeddable":true,"href":"https:\/\/www.mendoza.gov.ar\/prensa\/wp-json\/wp\/v2\/categories?post=67027"},{"taxonomy":"post_tag","embeddable":true,"href":"https:\/\/www.mendoza.gov.ar\/prensa\/wp-json\/wp\/v2\/tags?post=67027"}],"curies":[{"name":"wp","href":"https:\/\/api.w.org\/{rel}","templated":true}]}}