{"id":6710,"date":"2013-01-29T00:00:00","date_gmt":"2013-01-29T00:00:00","guid":{"rendered":"http:\/\/prensa.wp2.mendoza.gov.ar\/?p=6710"},"modified":"2013-01-29T00:00:00","modified_gmt":"2013-01-29T00:00:00","slug":"el-ministerio-de-desarrollo-y-el-inadi-presenta-campana-sobre-la-discriminacion-en-el-futbol","status":"publish","type":"post","link":"https:\/\/www.mendoza.gov.ar\/prensa\/el-ministerio-de-desarrollo-y-el-inadi-presenta-campana-sobre-la-discriminacion-en-el-futbol\/","title":{"rendered":"El Ministerio de Desarrollo y el Inadi presenta campa\u00f1a sobre la discriminaci\u00f3n en el f\u00fatbol"},"content":{"rendered":"<!DOCTYPE html PUBLIC \"-\/\/W3C\/\/DTD HTML 4.0 Transitional\/\/EN\" \"http:\/\/www.w3.org\/TR\/REC-html40\/loose.dtd\">\n<html><body><p>El Ministerio de Desarrollo Social y Derechos Humanos junto con el Inadi ofrecer&aacute;n una conferencia de prensa para hablar sobre la Campa&ntilde;a Nacional contra la Discriminaci&oacute;n en el F&uacute;tbol. El Inadi, a trav&eacute;s del Observatorio de la Discriminaci&oacute;n en el F&uacute;tbol, realiza un trabajo sistem&aacute;tico y concreto para construir una herramienta de an&aacute;lisis de pr&aacute;cticas discriminatorias en el &aacute;mbito del f&uacute;tbol.<\/p>\n<p>La presentaci&oacute;n de la campa&ntilde;a ser&aacute; en la Sala de Periodistas del Tercer Piso de Casa de Gobierno.<\/p>\n<p>Por este motivo llevan adelante una campa&ntilde;a cuyo objetivo es realizar un aporte sobre las formas espec&iacute;ficas de la cultura que se despliega en torno al f&uacute;tbol. Estas formas, con frecuencia, contactan con las situaciones de violencia que cotidianamente se presentan en este juego y que generan una relaci&oacute;n entre discriminaci&oacute;n.<\/p>\n<p>Para lograr el objetivo trabaja en la difusi&oacute;n y concientizaci&oacute;n en los campos de juego, junto con la capacitaci&oacute;n a jugadores, &aacute;rbitros, dirigentes y periodistas, desarticulando ciertos relatos construidos en torno a la negaci&oacute;n del oponente.<\/p>\n<p><\/p>\n<\/body><\/html>\n","protected":false},"excerpt":{"rendered":"El Ministerio de Desarrollo Social y Derechos Humanos junto con el Inadi ofrecer&aacute;n una conferencia de prensa para hablar sobre la Campa&ntilde;a Nacional contra la Discriminaci&oacute;n en el F&uacute;tbol. El Inadi, a trav&eacute;s del Observatorio de la Discriminaci&oacute;n en el F&uacute;tbol, realiza un trabajo sistem&aacute;tico y concreto para construir una herramienta de an&aacute;lisis de pr&aacute;cticas&#8230; <a class=\"view-article\" href=\"https:\/\/www.mendoza.gov.ar\/prensa\/el-ministerio-de-desarrollo-y-el-inadi-presenta-campana-sobre-la-discriminacion-en-el-futbol\/\"><\/a>","protected":false},"author":3,"featured_media":0,"comment_status":"closed","ping_status":"open","sticky":false,"template":"","format":"standard","meta":[],"categories":[11],"tags":[],"_links":{"self":[{"href":"https:\/\/www.mendoza.gov.ar\/prensa\/wp-json\/wp\/v2\/posts\/6710"}],"collection":[{"href":"https:\/\/www.mendoza.gov.ar\/prensa\/wp-json\/wp\/v2\/posts"}],"about":[{"href":"https:\/\/www.mendoza.gov.ar\/prensa\/wp-json\/wp\/v2\/types\/post"}],"author":[{"embeddable":true,"href":"https:\/\/www.mendoza.gov.ar\/prensa\/wp-json\/wp\/v2\/users\/3"}],"replies":[{"embeddable":true,"href":"https:\/\/www.mendoza.gov.ar\/prensa\/wp-json\/wp\/v2\/comments?post=6710"}],"version-history":[{"count":0,"href":"https:\/\/www.mendoza.gov.ar\/prensa\/wp-json\/wp\/v2\/posts\/6710\/revisions"}],"wp:attachment":[{"href":"https:\/\/www.mendoza.gov.ar\/prensa\/wp-json\/wp\/v2\/media?parent=6710"}],"wp:term":[{"taxonomy":"category","embeddable":true,"href":"https:\/\/www.mendoza.gov.ar\/prensa\/wp-json\/wp\/v2\/categories?post=6710"},{"taxonomy":"post_tag","embeddable":true,"href":"https:\/\/www.mendoza.gov.ar\/prensa\/wp-json\/wp\/v2\/tags?post=6710"}],"curies":[{"name":"wp","href":"https:\/\/api.w.org\/{rel}","templated":true}]}}