{"id":67101,"date":"2016-09-19T08:38:39","date_gmt":"2016-09-19T11:38:39","guid":{"rendered":"http:\/\/prensa.mendoza.gov.ar\/?p=67101"},"modified":"2016-09-19T08:38:39","modified_gmt":"2016-09-19T11:38:39","slug":"ambiente-rescato-mas-de-60-animales-de-trafico-ilegal-durante-el-fin-de-semana","status":"publish","type":"post","link":"https:\/\/www.mendoza.gov.ar\/prensa\/ambiente-rescato-mas-de-60-animales-de-trafico-ilegal-durante-el-fin-de-semana\/","title":{"rendered":"Ambiente rescat\u00f3 m\u00e1s de 60 animales del tr\u00e1fico ilegal durante el fin de semana"},"content":{"rendered":"<!DOCTYPE html PUBLIC \"-\/\/W3C\/\/DTD HTML 4.0 Transitional\/\/EN\" \"http:\/\/www.w3.org\/TR\/REC-html40\/loose.dtd\">\n<html><body><p>La Secretar&iacute;a de Ambiente y Ordenamiento Territorial de la provincia llev&oacute; a cabo tres operativos diferentes durante el fin de semana. Esta vez se trat&oacute; de la recuperaci&oacute;n de aves de la fauna silvestre, ex&oacute;ticas y animales dom&eacute;sticos. En conjunto con la Polic&iacute;a Rural, los procedimientos dieron resultado positivo y los responsables de los delitos quedaron detenidos.<\/p>\n<p>El primer operativo se desarroll&oacute; en el departamento de Las Heras, donde el personal de Fauna y Guardaparques de la Secretar&iacute;a de Ambiente recibi&oacute; el alerta de la Polic&iacute;a Rural para rescatar&nbsp;aves que ten&iacute;an como fin el tr&aacute;fico ilegal.<\/p>\n<p><a href=\"https:\/\/www.mendoza.gov.ar\/prensa\/wp-content\/uploads\/sites\/23\/20160917_150952.jpg\"><img loading=\"lazy\" class=\"alignnone  wp-image-67105 img-responsive center-block\" src=\"https:\/\/www.mendoza.gov.ar\/prensa\/wp-content\/uploads\/sites\/23\/20160917_150952.jpg\" alt=\"\" width=\"733\" height=\"412\"><\/a><\/p>\n<p>A las pocas horas se recibi&oacute; una nueva denuncia en el departamento de Guaymall&eacute;n, en donde un hecho de similares caracter&iacute;sticas arroj&oacute; como resultado el rescate de nuevos ejemplares de fauna silvestre.<\/p>\n<p>Durante los procedimientos, el personal de la Polic&iacute;a de Mendoza investigaba diversas causas de delito y tr&aacute;fico de drogas y, por sorpresa, se sum&oacute; a la causa la tenencia de animales destinados al tr&aacute;fico ilegal. De esa manera se desarroll&oacute; la inmediata participaci&oacute;n del equipo de inspectores y guardaparques.<\/p>\n<p>Las aves rescatadas en estos dos operativos fueron m&aacute;s de cuarenta. Entre ellas se recuperaron&nbsp;siete cuchillos, cimarrones, corbatitas, verdones, zorzales, teros, monteritas canela, naranjeros y catas.<\/p>\n<p><strong>Operativo en Colonia Segovia<\/strong><\/p>\n<p>El siguiente operativo se realiz&oacute; el s&aacute;bado a&nbsp;la ma&ntilde;ana, cuando el equipo de investigaciones de la Polic&iacute;a de Mendoza allan&oacute; una finca en Colonia Segovia. Durante el procedimiento se logr&oacute; dar con una banda de traficantes que adem&aacute;s de portar y vender drogas, art&iacute;culos electr&oacute;nicos y ropa robada, se dedicaba a cazar aves silvestres y ex&oacute;ticas y&nbsp;tambi&eacute;n animales dom&eacute;sticos.<\/p>\n<p><a href=\"https:\/\/www.mendoza.gov.ar\/prensa\/wp-content\/uploads\/sites\/23\/20160917_150359.jpg\"><img loading=\"lazy\" class=\"alignnone  wp-image-67108 img-responsive center-block\" src=\"https:\/\/www.mendoza.gov.ar\/prensa\/wp-content\/uploads\/sites\/23\/20160917_150359.jpg\" alt=\"\" width=\"737\" height=\"415\"><\/a><\/p>\n<p>En el procedimiento, del cual particip&oacute; tambi&eacute;n el equipo de Recursos Naturales Renovables, se incautaron 24 aves, 17 jaulas, 5 tramperos, 5 transportines, 3 caniches adultos (2 machos y 1 hembra) y 3 cr&iacute;as (machos) de los mismos caniches.<\/p>\n<p>Dentro del lugar&nbsp;se encontraron especies ex&oacute;ticas, como por ejemplo un loro hablador y un federal. Su distribuci&oacute;n corresponde al Norte del pa&iacute;s y es por eso que se estima que provienen del tr&aacute;fico ilegal de especies.<\/p>\n<p>Uno de los ejemplares de la fauna que se incaut&oacute; posee un anillo identificatorio, que permitir&aacute; localizar a su due&ntilde;o.<\/p>\n<p>Todos los animales rescatados en los procedimientos quedar&aacute;n en el centro de rehabilitaci&oacute;n de la reserva natural que se ubica en las instalaciones de YPF, en el departamento de Luj&aacute;n de Cuyo. Los animales&nbsp;ser&aacute;n tratados, recuperados y liberados nuevamente a su h&aacute;bitat natural.<\/p>\n<p><a href=\"https:\/\/www.mendoza.gov.ar\/prensa\/wp-content\/uploads\/sites\/23\/20160917_150558.jpg\"><img loading=\"lazy\" class=\"alignnone  wp-image-67109 img-responsive center-block\" src=\"https:\/\/www.mendoza.gov.ar\/prensa\/wp-content\/uploads\/sites\/23\/20160917_150558.jpg\" alt=\"\" width=\"741\" height=\"416\"><\/a><\/p>\n<\/body><\/html>\n","protected":false},"excerpt":{"rendered":"Fue en tres operativos, a cargo de inspectores y guardaparques de la Direcci\u00f3n de Recursos Naturales Renovables de la provincia, a trav\u00e9s de la Secretar\u00eda de Ambiente. Se rescataron animales de fauna silvestre, ex\u00f3ticos y dom\u00e9sticos.","protected":false},"author":3,"featured_media":67102,"comment_status":"open","ping_status":"open","sticky":false,"template":"","format":"standard","meta":[],"categories":[3],"tags":[],"_links":{"self":[{"href":"https:\/\/www.mendoza.gov.ar\/prensa\/wp-json\/wp\/v2\/posts\/67101"}],"collection":[{"href":"https:\/\/www.mendoza.gov.ar\/prensa\/wp-json\/wp\/v2\/posts"}],"about":[{"href":"https:\/\/www.mendoza.gov.ar\/prensa\/wp-json\/wp\/v2\/types\/post"}],"author":[{"embeddable":true,"href":"https:\/\/www.mendoza.gov.ar\/prensa\/wp-json\/wp\/v2\/users\/3"}],"replies":[{"embeddable":true,"href":"https:\/\/www.mendoza.gov.ar\/prensa\/wp-json\/wp\/v2\/comments?post=67101"}],"version-history":[{"count":0,"href":"https:\/\/www.mendoza.gov.ar\/prensa\/wp-json\/wp\/v2\/posts\/67101\/revisions"}],"wp:featuredmedia":[{"embeddable":true,"href":"https:\/\/www.mendoza.gov.ar\/prensa\/wp-json\/wp\/v2\/media\/67102"}],"wp:attachment":[{"href":"https:\/\/www.mendoza.gov.ar\/prensa\/wp-json\/wp\/v2\/media?parent=67101"}],"wp:term":[{"taxonomy":"category","embeddable":true,"href":"https:\/\/www.mendoza.gov.ar\/prensa\/wp-json\/wp\/v2\/categories?post=67101"},{"taxonomy":"post_tag","embeddable":true,"href":"https:\/\/www.mendoza.gov.ar\/prensa\/wp-json\/wp\/v2\/tags?post=67101"}],"curies":[{"name":"wp","href":"https:\/\/api.w.org\/{rel}","templated":true}]}}