{"id":67237,"date":"2016-09-20T11:39:55","date_gmt":"2016-09-20T14:39:55","guid":{"rendered":"http:\/\/prensa.mendoza.gov.ar\/?p=67237"},"modified":"2016-09-20T11:39:55","modified_gmt":"2016-09-20T14:39:55","slug":"desvios-por-reparacion-de-carril-nacional","status":"publish","type":"post","link":"https:\/\/www.mendoza.gov.ar\/prensa\/desvios-por-reparacion-de-carril-nacional\/","title":{"rendered":"Desv\u00edos por reparaci\u00f3n del Carril Nacional"},"content":{"rendered":"<!DOCTYPE html PUBLIC \"-\/\/W3C\/\/DTD HTML 4.0 Transitional\/\/EN\" \"http:\/\/www.w3.org\/TR\/REC-html40\/loose.dtd\">\n<html><body><p>A partir de este mi&eacute;rcoles y por cuatro&nbsp;meses, algunos colectivos deber&aacute;n modificar su traza por las reparaciones que se llevar&aacute;n a cabo en el Carril Nacional o Bandera de los Andes.<\/p>\n<p><strong><span style=\"font-weight: 400\">El corte al tr&aacute;nsito en general ser&aacute; en entre La Pur&iacute;sima y Calle Higueritas, en&nbsp;sentido oeste-este). En consecuencia, desviar&aacute;n los servicios del <\/span><span style=\"font-weight: 400\">Grupo 2<\/span><span style=\"font-weight: 400\"> y del <\/span><span style=\"font-weight: 400\">Grupo 5<\/span><span style=\"font-weight: 400\"> que circulan por la zona. Tomar&aacute;n por Carril Nacional, Lateral Acceso Este, Ascasubi, y retomar&aacute;n Carril Nacional su recorrido habitual. <\/span><br>\n<\/strong><\/p>\n<\/body><\/html>\n","protected":false},"excerpt":{"rendered":"Por trabajos de reparaci\u00f3n en el Carril Nacional realizados por la Municipalidad de Guaymall\u00e9n, habr\u00e1 desv\u00edos en el servicio regular durante cuatro meses.","protected":false},"author":3,"featured_media":0,"comment_status":"open","ping_status":"open","sticky":false,"template":"","format":"standard","meta":[],"categories":[1],"tags":[],"_links":{"self":[{"href":"https:\/\/www.mendoza.gov.ar\/prensa\/wp-json\/wp\/v2\/posts\/67237"}],"collection":[{"href":"https:\/\/www.mendoza.gov.ar\/prensa\/wp-json\/wp\/v2\/posts"}],"about":[{"href":"https:\/\/www.mendoza.gov.ar\/prensa\/wp-json\/wp\/v2\/types\/post"}],"author":[{"embeddable":true,"href":"https:\/\/www.mendoza.gov.ar\/prensa\/wp-json\/wp\/v2\/users\/3"}],"replies":[{"embeddable":true,"href":"https:\/\/www.mendoza.gov.ar\/prensa\/wp-json\/wp\/v2\/comments?post=67237"}],"version-history":[{"count":0,"href":"https:\/\/www.mendoza.gov.ar\/prensa\/wp-json\/wp\/v2\/posts\/67237\/revisions"}],"wp:attachment":[{"href":"https:\/\/www.mendoza.gov.ar\/prensa\/wp-json\/wp\/v2\/media?parent=67237"}],"wp:term":[{"taxonomy":"category","embeddable":true,"href":"https:\/\/www.mendoza.gov.ar\/prensa\/wp-json\/wp\/v2\/categories?post=67237"},{"taxonomy":"post_tag","embeddable":true,"href":"https:\/\/www.mendoza.gov.ar\/prensa\/wp-json\/wp\/v2\/tags?post=67237"}],"curies":[{"name":"wp","href":"https:\/\/api.w.org\/{rel}","templated":true}]}}