{"id":67379,"date":"2016-09-21T12:50:59","date_gmt":"2016-09-21T15:50:59","guid":{"rendered":"http:\/\/prensa.mendoza.gov.ar\/?p=67379"},"modified":"2016-09-21T12:50:59","modified_gmt":"2016-09-21T15:50:59","slug":"ambiente-continua-con-los-operativos-de-rescate-a-animales-destinadosal-trafico-y-tenencia-ilegal","status":"publish","type":"post","link":"https:\/\/www.mendoza.gov.ar\/prensa\/ambiente-continua-con-los-operativos-de-rescate-a-animales-destinadosal-trafico-y-tenencia-ilegal\/","title":{"rendered":"Ambiente rescat\u00f3 dos aves aut\u00f3ctonas en operativos"},"content":{"rendered":"<!DOCTYPE html PUBLIC \"-\/\/W3C\/\/DTD HTML 4.0 Transitional\/\/EN\" \"http:\/\/www.w3.org\/TR\/REC-html40\/loose.dtd\">\n<html><body><p>La Secretar&iacute;a de Ambiente y Ordenamiento Territorial, a trav&eacute;s de la Direcci&oacute;n de Recursos Naturales Renovables, nuevamente trabaj&oacute; en un operativo de rescate con la ayuda de los vecinos del departamento de Godoy Cruz.<\/p>\n<p>El Departamento de Fauna Silvestre de la Direcci&oacute;n de Recursos Naturales Renovables&nbsp;captur&oacute;&nbsp;un ejemplar de &aacute;guila mora que se encontraba en el techo de una vivienda en el barrio Trapiche de Godoy Cruz.<\/p>\n<p>Aparentemente, el ave estaba en cautiverio de manera ilegal y logr&oacute; escapar. Los vecinos de la zona dieron la novedad al 911 y por intermedio de la Polic&iacute;a Rural se&nbsp;contactaron para proceder a su captura. El ave ya est&aacute; a salvo y atendida por profesionales para su recuperaci&oacute;n y posible liberaci&oacute;n.<\/p>\n<p><a href=\"https:\/\/www.mendoza.gov.ar\/prensa\/wp-content\/uploads\/sites\/23\/IMG-20160920-WA0021.jpg\"><img loading=\"lazy\" class=\"alignnone  wp-image-67386 img-responsive center-block\" src=\"https:\/\/www.mendoza.gov.ar\/prensa\/wp-content\/uploads\/sites\/23\/IMG-20160920-WA0021.jpg\" alt=\"\" width=\"720\" height=\"470\"><\/a><\/p>\n<p>Adem&aacute;s, el equipo de Guardaparques de la Reserva Natural Villavicencio rescat&oacute; a un halconcito colorado que merodeaba por la zona con algunas heridas que le imped&iacute;an&nbsp;volar. De ese modo, se entreg&oacute; al ejemplar al equipo de Fauna Silvestre de la Secretar&iacute;a de Ambiente para rehabilitarlo de manera urgente.<\/p>\n<p>Ambas aves son pertenecientes a nuestra fauna silvestre y son rapaces, es decir que est&aacute;n acostumbradas a volar y alimentarse en zonas monta&ntilde;osas.<\/p>\n<p>Desde la Secretar&iacute;a de Ambiente de la provincia, se recuerda que ante cualquier sospecha de tenencia ilegal, maltrato o tr&aacute;fico de animales, se haga la denuncia de forma urgente al 911 (las 24 horas) o al 4252090, de 8 a 16, para poder continuar con los operativos de rescate.<\/p>\n<\/body><\/html>\n","protected":false},"excerpt":{"rendered":"En esta oportunidad se trata de un \u00e1guila mora y de un halconcito colorado recuperados por el equipo de Fauna y Guardaparques de la Direcci\u00f3n de Recursos Naturales de la provincia. Los animales ya se encuentran en rehabilitaci\u00f3n para ser reinsertados a su h\u00e1bitat natural.","protected":false},"author":3,"featured_media":67385,"comment_status":"open","ping_status":"open","sticky":false,"template":"","format":"standard","meta":[],"categories":[3],"tags":[],"_links":{"self":[{"href":"https:\/\/www.mendoza.gov.ar\/prensa\/wp-json\/wp\/v2\/posts\/67379"}],"collection":[{"href":"https:\/\/www.mendoza.gov.ar\/prensa\/wp-json\/wp\/v2\/posts"}],"about":[{"href":"https:\/\/www.mendoza.gov.ar\/prensa\/wp-json\/wp\/v2\/types\/post"}],"author":[{"embeddable":true,"href":"https:\/\/www.mendoza.gov.ar\/prensa\/wp-json\/wp\/v2\/users\/3"}],"replies":[{"embeddable":true,"href":"https:\/\/www.mendoza.gov.ar\/prensa\/wp-json\/wp\/v2\/comments?post=67379"}],"version-history":[{"count":0,"href":"https:\/\/www.mendoza.gov.ar\/prensa\/wp-json\/wp\/v2\/posts\/67379\/revisions"}],"wp:featuredmedia":[{"embeddable":true,"href":"https:\/\/www.mendoza.gov.ar\/prensa\/wp-json\/wp\/v2\/media\/67385"}],"wp:attachment":[{"href":"https:\/\/www.mendoza.gov.ar\/prensa\/wp-json\/wp\/v2\/media?parent=67379"}],"wp:term":[{"taxonomy":"category","embeddable":true,"href":"https:\/\/www.mendoza.gov.ar\/prensa\/wp-json\/wp\/v2\/categories?post=67379"},{"taxonomy":"post_tag","embeddable":true,"href":"https:\/\/www.mendoza.gov.ar\/prensa\/wp-json\/wp\/v2\/tags?post=67379"}],"curies":[{"name":"wp","href":"https:\/\/api.w.org\/{rel}","templated":true}]}}