{"id":67435,"date":"2016-09-21T15:50:03","date_gmt":"2016-09-21T18:50:03","guid":{"rendered":"http:\/\/prensa.mendoza.gov.ar\/?p=67435"},"modified":"2016-09-21T15:50:03","modified_gmt":"2016-09-21T18:50:03","slug":"correas-y-montero-firmaron-un-convenio-para-poner-en-valor-la-constitucion-de-mendoza","status":"publish","type":"post","link":"https:\/\/www.mendoza.gov.ar\/prensa\/correas-y-montero-firmaron-un-convenio-para-poner-en-valor-la-constitucion-de-mendoza\/","title":{"rendered":"Correas y Montero firmaron un convenio para poner en valor la Constituci\u00f3n de Mendoza"},"content":{"rendered":"<!DOCTYPE html PUBLIC \"-\/\/W3C\/\/DTD HTML 4.0 Transitional\/\/EN\" \"http:\/\/www.w3.org\/TR\/REC-html40\/loose.dtd\">\n<html><body><p>La vicegobernadora, Laura Montero, y el director General de Escuelas, Jaime Correas, firmaron hoy un convenio que posibilitar&aacute; incluir en los dise&ntilde;os curriculares de nivel primario y secundario la secuencia did&aacute;ctica &ldquo;Cien A&ntilde;os de la Constituci&oacute;n Provincial: una oportunidad para pensar Mendoza&rdquo;, con motivo del Centenario de la Constituci&oacute;n de Mendoza.<\/p>\n<p>Esta presentaci&oacute;n tiene como objetivo generar un sentido de pertenencia, reconocimiento e identidad con la Carta Magna local, gracias a que se ha observado en los contenidos curriculares una escasez en cuanto a la presencia de Mendoza, con lo cual el material recorre la Constituci&oacute;n de la Provincia, trata diversos temas de importancia, y est&aacute;&nbsp;destinado a&nbsp;alumnos de todos los a&ntilde;os, en las &aacute;reas de Ciencias Sociales, Lengua, Educaci&oacute;n art&iacute;stica y Humanidades.<\/p>\n<p>&ldquo;Es sumamente importante la labor realizada desde DGE para poner en valor de manera reflexiva esa Constituci&oacute;n, y es impecable el trabajo que llevaron a cabo para que los chicos conozcan de manera aprehensible nuestra Carta Magna, a tal punto que los senadores lo han declarado de inter&eacute;s provincial&rdquo;, manifest&oacute; Laura Montero.<\/p>\n<p>Adem&aacute;s, Correas, agradeci&oacute; a los docentes que hicieron posible la secuencia did&aacute;ctica &ldquo;porque ellos tienen la experiencia del aula, y es un hecho particular y relevante que este documento haya sido confeccionado por docentes, para docentes, con proyecci&oacute;n en los alumnos&rdquo;.<\/p>\n<p>&ldquo;Decidimos hacer hincapi&eacute; en la Constituci&oacute;n de Mendoza porque se cumpl&iacute;an 100 a&ntilde;os de su aprobaci&oacute;n, y debido a que en ella se encuentra la historia, la geograf&iacute;a, las instituciones y los protagonistas de nuestra sociedad, con lo cual decidimos llevarlo al seno de la escuela&rdquo;, agreg&oacute; Correas.<\/p>\n<p>Cabe recordar que la primera Constituci&oacute;n en Mendoza fue dictada en 1854, y que a partir de &eacute;sta se sucedieron las reformas de 1894\/5, 1900, 1910, 1916 y la de 1948\/9 &ndash;que qued&oacute; sin vigencia-, m&aacute;s las correspondientes enmiendas de s&oacute;lo un art&iacute;culo por a&ntilde;o, arbitradas desde 1916.<\/p>\n<p>En 1916 se realiz&oacute;, a trav&eacute;s de una Asamblea Constituyente, una nueva reforma de la Constituci&oacute;n Provincial que se destac&oacute; por su modernismo jur&iacute;dico y haber incluido una enfatizada legislaci&oacute;n social entre sus art&iacute;culos, y que fue aprobada el 11 de febrero de ese a&ntilde;o.<\/p>\n<p>As&iacute;, con &ldquo;Cien A&ntilde;os de la Constituci&oacute;n Provincial: una oportunidad para pensar Mendoza&rdquo;, la DGE puso a disposici&oacute;n, por medio de la resoluci&oacute;n N&ordm; 1931, una propuesta de ense&ntilde;anza para trabajar el Centenario de la Constituci&oacute;n Provincial de 1916, elaborada por la Direcci&oacute;n de Planeamiento de la Calidad Educativa.<\/p>\n<p>&ldquo;Ahora que la Legislatura Provincial se abr&iacute;a a este proceso de reflexionar sobre nuestra Constituci&oacute;n, pensamos que ten&iacute;amos que sumarnos a fin de pensar sobre los derechos que est&aacute;n resguardados, y avanzar hacia una mirada sobre las nuevas dimensiones del los derechos que pueden formar parte de la Constituci&oacute;n actual, expres&oacute; Mar&iacute;a Julia Amadeo, directora de Planeamiento de la Calidad Educativa de la DGE.<\/p>\n<\/body><\/html>\n","protected":false},"excerpt":{"rendered":"El acuerdo, rubricado en la Legislatura Provincial, permitir\u00e1 llevar a las escuelas primarias y secundarias una secuencia did\u00e1ctica conmemorativa de los 100 a\u00f1os de nuestra Carta Magna.","protected":false},"author":3,"featured_media":67436,"comment_status":"open","ping_status":"open","sticky":false,"template":"","format":"standard","meta":[],"categories":[12,1786],"tags":[],"_links":{"self":[{"href":"https:\/\/www.mendoza.gov.ar\/prensa\/wp-json\/wp\/v2\/posts\/67435"}],"collection":[{"href":"https:\/\/www.mendoza.gov.ar\/prensa\/wp-json\/wp\/v2\/posts"}],"about":[{"href":"https:\/\/www.mendoza.gov.ar\/prensa\/wp-json\/wp\/v2\/types\/post"}],"author":[{"embeddable":true,"href":"https:\/\/www.mendoza.gov.ar\/prensa\/wp-json\/wp\/v2\/users\/3"}],"replies":[{"embeddable":true,"href":"https:\/\/www.mendoza.gov.ar\/prensa\/wp-json\/wp\/v2\/comments?post=67435"}],"version-history":[{"count":0,"href":"https:\/\/www.mendoza.gov.ar\/prensa\/wp-json\/wp\/v2\/posts\/67435\/revisions"}],"wp:featuredmedia":[{"embeddable":true,"href":"https:\/\/www.mendoza.gov.ar\/prensa\/wp-json\/wp\/v2\/media\/67436"}],"wp:attachment":[{"href":"https:\/\/www.mendoza.gov.ar\/prensa\/wp-json\/wp\/v2\/media?parent=67435"}],"wp:term":[{"taxonomy":"category","embeddable":true,"href":"https:\/\/www.mendoza.gov.ar\/prensa\/wp-json\/wp\/v2\/categories?post=67435"},{"taxonomy":"post_tag","embeddable":true,"href":"https:\/\/www.mendoza.gov.ar\/prensa\/wp-json\/wp\/v2\/tags?post=67435"}],"curies":[{"name":"wp","href":"https:\/\/api.w.org\/{rel}","templated":true}]}}