{"id":67779,"date":"2016-09-26T08:05:24","date_gmt":"2016-09-26T11:05:24","guid":{"rendered":"http:\/\/prensa.mendoza.gov.ar\/?p=67779"},"modified":"2016-09-26T08:05:24","modified_gmt":"2016-09-26T11:05:24","slug":"osep-participo-de-la-21o-maraton-integracion-en-lavalle","status":"publish","type":"post","link":"https:\/\/www.mendoza.gov.ar\/prensa\/osep-participo-de-la-21o-maraton-integracion-en-lavalle\/","title":{"rendered":"OSEP particip\u00f3 en la 21\u00aa Marat\u00f3n Integraci\u00f3n en Lavalle"},"content":{"rendered":"<!DOCTYPE html PUBLIC \"-\/\/W3C\/\/DTD HTML 4.0 Transitional\/\/EN\" \"http:\/\/www.w3.org\/TR\/REC-html40\/loose.dtd\">\n<html><body><div>\n<p>Con el objetivo de fomentar la integraci&oacute;n entre todos los ni&ntilde;os de la zona, la escuela Dr. Domingo S&iacute;coli organiz&oacute; una marat&oacute;n inclusiva&nbsp;en la que participaron&nbsp;m&aacute;s de 1.000 alumnos de colegios primarios del departamento de Lavalle.<\/p>\n<p>El lugar dispuesto&nbsp;para la largada&nbsp;y&nbsp;la llegada&nbsp;fue el Parque Nativo, ubicado en Fleming y Ruta 34 de la Villa Tulumaya, distrito cabecera.<\/p>\n<p>La Obra Social de Empleados P&uacute;blicos (OSEP) se hizo presente&nbsp;con&nbsp;la Direcci&oacute;n de Atenci&oacute;n Primaria,&nbsp;con un equipo de enfermeros que&nbsp;realizaron primeros auxilios y entregaron folletos y material did&aacute;ctico para fomentar actividades recreativas y educativas en las escuelas.<\/p>\n<p>Tambi&eacute;n estuvieron presentes la doctora Beatriz N&uacute;&ntilde;ez y V&iacute;ctor Araujo, referentes de OSEP Lavalle; la doctora Andrea Carrasco, directora de Gesti&oacute;n Territorial; el profesor Javier Dom&iacute;nguez, coordinador del programa Salud + Recreaci&oacute;n, y el doctor Walter Mesas, coordinador del programa Nacer en OSEP.<\/p>\n<p>La animaci&oacute;n del encuentro estuvo a cargo del equipo de actores socioculturales Emergencia de Sonrisas, grupo que centraliza su actividad en el Hospital Pedi&aacute;trico Alexander Fleming alegrando la estad&iacute;a de los peque&ntilde;os internados.<\/p>\n<p>Una vez finalizada la competencia, se realiz&oacute; un sorteo y la entrega de premios, donde fueron galardonados los mejores competidores en las categor&iacute;as corredores y caminadores, tanto femenino como masculino, y chicos que a pesar de su discapacidad, formaron parte de esta fiesta y cruzaron la meta.<\/p>\n<\/div>\n<div><a href=\"https:\/\/www.mendoza.gov.ar\/prensa\/wp-content\/uploads\/sites\/23\/IMG-20160923-WA0019.jpg\"><img loading=\"lazy\" class=\"alignnone  wp-image-67781 img-responsive center-block\" src=\"https:\/\/www.mendoza.gov.ar\/prensa\/wp-content\/uploads\/sites\/23\/IMG-20160923-WA0019.jpg\" alt=\"\" width=\"728\" height=\"410\"><\/a><\/div>\n<div><\/div>\n<div><\/div>\n<\/body><\/html>\n","protected":false},"excerpt":{"rendered":"Convoc\u00f3 a m\u00e1s de mil alumnos de colegios lavallinos. La actividad fue organizada por la escuela Dr. Domingo S\u00edcoli del departamento de Lavalle. La Obra Social aport\u00f3 profesionales de Atenci\u00f3n Primaria.","protected":false},"author":3,"featured_media":67780,"comment_status":"open","ping_status":"open","sticky":false,"template":"","format":"standard","meta":[],"categories":[30],"tags":[],"_links":{"self":[{"href":"https:\/\/www.mendoza.gov.ar\/prensa\/wp-json\/wp\/v2\/posts\/67779"}],"collection":[{"href":"https:\/\/www.mendoza.gov.ar\/prensa\/wp-json\/wp\/v2\/posts"}],"about":[{"href":"https:\/\/www.mendoza.gov.ar\/prensa\/wp-json\/wp\/v2\/types\/post"}],"author":[{"embeddable":true,"href":"https:\/\/www.mendoza.gov.ar\/prensa\/wp-json\/wp\/v2\/users\/3"}],"replies":[{"embeddable":true,"href":"https:\/\/www.mendoza.gov.ar\/prensa\/wp-json\/wp\/v2\/comments?post=67779"}],"version-history":[{"count":0,"href":"https:\/\/www.mendoza.gov.ar\/prensa\/wp-json\/wp\/v2\/posts\/67779\/revisions"}],"wp:featuredmedia":[{"embeddable":true,"href":"https:\/\/www.mendoza.gov.ar\/prensa\/wp-json\/wp\/v2\/media\/67780"}],"wp:attachment":[{"href":"https:\/\/www.mendoza.gov.ar\/prensa\/wp-json\/wp\/v2\/media?parent=67779"}],"wp:term":[{"taxonomy":"category","embeddable":true,"href":"https:\/\/www.mendoza.gov.ar\/prensa\/wp-json\/wp\/v2\/categories?post=67779"},{"taxonomy":"post_tag","embeddable":true,"href":"https:\/\/www.mendoza.gov.ar\/prensa\/wp-json\/wp\/v2\/tags?post=67779"}],"curies":[{"name":"wp","href":"https:\/\/api.w.org\/{rel}","templated":true}]}}