{"id":67825,"date":"2016-09-26T17:18:21","date_gmt":"2016-09-26T20:18:21","guid":{"rendered":"http:\/\/prensa.mendoza.gov.ar\/?p=67825"},"modified":"2016-09-26T17:18:21","modified_gmt":"2016-09-26T20:18:21","slug":"ambiente-participo-del-primer-encuentro-regional-de-los-pueblos-originarios","status":"publish","type":"post","link":"https:\/\/www.mendoza.gov.ar\/prensa\/ambiente-participo-del-primer-encuentro-regional-de-los-pueblos-originarios\/","title":{"rendered":"Ambiente particip\u00f3 en el primer encuentro regional de los pueblos originarios"},"content":{"rendered":"<!DOCTYPE html PUBLIC \"-\/\/W3C\/\/DTD HTML 4.0 Transitional\/\/EN\" \"http:\/\/www.w3.org\/TR\/REC-html40\/loose.dtd\">\n<html><body><p>Organizado por la embajada mundial de Activistas por la Paz, en el marco del programa &ldquo;Hijos de la Madre Tierra&rdquo;, se realiz&oacute; el primer encuentro regional de los pueblos originarios. Se busca consensuar propuestas de distinta &iacute;ndole entre las comunidades de pueblos originarios. Entre estas propuestas se encuentran planes de conservaci&oacute;n y restauraci&oacute;n de las fuentes de agua, conservaci&oacute;n y restauraci&oacute;n de la tierra, acciones para contrarrestar el cambio clim&aacute;tico y la restauraci&oacute;n de la biodiversidad, entre otros.<\/p>\n<p>Este primer encuentro dio a los distintos representantes de las diferentes comunidad la oportunidad de compartir charlas y tradiciones ancestrales que permitan contribuir a la paz y restauraci&oacute;n del planeta.<\/p>\n<p>La directora de Recursos Naturales Renovables, &nbsp;Mabel Chambouleyron, estuvo &nbsp;entre las autoridades presentes en el encuentro que se desarroll&oacute; en el Parque Aborigen de la Ciudad de Mendoza.<\/p>\n<p>En su discurso, Chambouleyron expres&oacute; el apoyo de parte de la Secretar&iacute;a de Ambiente a las comunidades huarpes y mapuches que habitan la provincia, en su af&aacute;n por preservar la integridad de la Madre Tierra y sus recursos. Tambi&eacute;n agreg&oacute; que ya se present&oacute; una petici&oacute;n para modificar el nombre del Parque Aborigen y renombrarlo &ldquo;Parque de los Pueblos Originarios&rdquo;.<\/p>\n<\/body><\/html>\n","protected":false},"excerpt":{"rendered":"Convoc\u00f3 a las comunidades huarpes y mapuches de Mendoza. Adem\u00e1s, la Secretar\u00eda de Ambiente anunci\u00f3 que se le cambiar\u00e1 el nombre al Parque Aborigen por \u201cParque de los Pueblos Originarios\u201d.","protected":false},"author":3,"featured_media":67829,"comment_status":"open","ping_status":"open","sticky":false,"template":"","format":"standard","meta":[],"categories":[3],"tags":[],"_links":{"self":[{"href":"https:\/\/www.mendoza.gov.ar\/prensa\/wp-json\/wp\/v2\/posts\/67825"}],"collection":[{"href":"https:\/\/www.mendoza.gov.ar\/prensa\/wp-json\/wp\/v2\/posts"}],"about":[{"href":"https:\/\/www.mendoza.gov.ar\/prensa\/wp-json\/wp\/v2\/types\/post"}],"author":[{"embeddable":true,"href":"https:\/\/www.mendoza.gov.ar\/prensa\/wp-json\/wp\/v2\/users\/3"}],"replies":[{"embeddable":true,"href":"https:\/\/www.mendoza.gov.ar\/prensa\/wp-json\/wp\/v2\/comments?post=67825"}],"version-history":[{"count":0,"href":"https:\/\/www.mendoza.gov.ar\/prensa\/wp-json\/wp\/v2\/posts\/67825\/revisions"}],"wp:featuredmedia":[{"embeddable":true,"href":"https:\/\/www.mendoza.gov.ar\/prensa\/wp-json\/wp\/v2\/media\/67829"}],"wp:attachment":[{"href":"https:\/\/www.mendoza.gov.ar\/prensa\/wp-json\/wp\/v2\/media?parent=67825"}],"wp:term":[{"taxonomy":"category","embeddable":true,"href":"https:\/\/www.mendoza.gov.ar\/prensa\/wp-json\/wp\/v2\/categories?post=67825"},{"taxonomy":"post_tag","embeddable":true,"href":"https:\/\/www.mendoza.gov.ar\/prensa\/wp-json\/wp\/v2\/tags?post=67825"}],"curies":[{"name":"wp","href":"https:\/\/api.w.org\/{rel}","templated":true}]}}