{"id":67842,"date":"2016-09-27T07:00:40","date_gmt":"2016-09-27T10:00:40","guid":{"rendered":"http:\/\/prensa.mendoza.gov.ar\/?p=67842"},"modified":"2016-09-27T07:00:40","modified_gmt":"2016-09-27T10:00:40","slug":"mendoza-se-suma-al-dia-nacional-de-la-conciencia-ambiental","status":"publish","type":"post","link":"https:\/\/www.mendoza.gov.ar\/prensa\/mendoza-se-suma-al-dia-nacional-de-la-conciencia-ambiental\/","title":{"rendered":"Mendoza se suma al \u201cD\u00eda Nacional de la Conciencia Ambiental\u201d"},"content":{"rendered":"<!DOCTYPE html PUBLIC \"-\/\/W3C\/\/DTD HTML 4.0 Transitional\/\/EN\" \"http:\/\/www.w3.org\/TR\/REC-html40\/loose.dtd\">\n<html><body><p>Desde 1995, cada 27 de setiembre se conmemora en nuestro pa&iacute;s el &ldquo;D&iacute;a Nacional de la Conciencia Ambiental&rdquo;. La Ley 24605 -sancionada el 12 de diciembre de 1995- declar&oacute; ese d&iacute;a en memoria de las personas fallecidas como consecuencia del escape de gas cianh&iacute;drico ocurrido en la ciudad de Avellaneda, Buenos Aires, el 27 de setiembre de 1993.<\/p>\n<p>Esta ley expresa que todos los a&ntilde;os en esta&nbsp;fecha se recordar&aacute;n en los establecimientos educativos, primarios y secundarios, los derechos y deberes relacionados con el ambiente mencionados en la Constituci&oacute;n Nacional, siendo el art&iacute;culo 41 el m&aacute;s significativo de todos.<\/p>\n<p>El secretario de Ambiente y Ordenamiento Territorial, Humberto Mingorance, destac&oacute;: &ldquo;Cuidar el medio ambiente es una misi&oacute;n que nos designa la vida misma para el bien de toda la sociedad. Es por eso que debemos tomar conciencia a diario, desde las m&aacute;s peque&ntilde;as acciones en nuestra vida cotidiana, educando, aportando, ense&ntilde;ando, cuidando y valorizando al planeta en general&rdquo;.<\/p>\n<p>&ldquo;Estamos trabajando en diversas campa&ntilde;as de concientizaci&oacute;n masiva, para que los&nbsp;ciudadanos&nbsp;se interioricen de&nbsp;las problem&aacute;ticas ambientales y sepan c&oacute;mo resolverlas. Nuestros ejes principales en este primer a&ntilde;o de gesti&oacute;n son el fuego, el agua, los animales, los residuos y la vida sustentable y el medio ambiente de manera general&rdquo;, concluy&oacute; Mingorance.<\/p>\n<\/body><\/html>\n","protected":false},"excerpt":{"rendered":"Es hoy, en conmemoraci\u00f3n por los fallecidos por el escape de gas cianh\u00eddrico en la localidad bonaerense de Avellaneda en 1993. La Secretar\u00eda de Ambiente de la Provincia trabaja en diversas campa\u00f1as de concientizaci\u00f3n masiva.","protected":false},"author":3,"featured_media":67843,"comment_status":"open","ping_status":"open","sticky":false,"template":"","format":"standard","meta":[],"categories":[3],"tags":[],"_links":{"self":[{"href":"https:\/\/www.mendoza.gov.ar\/prensa\/wp-json\/wp\/v2\/posts\/67842"}],"collection":[{"href":"https:\/\/www.mendoza.gov.ar\/prensa\/wp-json\/wp\/v2\/posts"}],"about":[{"href":"https:\/\/www.mendoza.gov.ar\/prensa\/wp-json\/wp\/v2\/types\/post"}],"author":[{"embeddable":true,"href":"https:\/\/www.mendoza.gov.ar\/prensa\/wp-json\/wp\/v2\/users\/3"}],"replies":[{"embeddable":true,"href":"https:\/\/www.mendoza.gov.ar\/prensa\/wp-json\/wp\/v2\/comments?post=67842"}],"version-history":[{"count":0,"href":"https:\/\/www.mendoza.gov.ar\/prensa\/wp-json\/wp\/v2\/posts\/67842\/revisions"}],"wp:featuredmedia":[{"embeddable":true,"href":"https:\/\/www.mendoza.gov.ar\/prensa\/wp-json\/wp\/v2\/media\/67843"}],"wp:attachment":[{"href":"https:\/\/www.mendoza.gov.ar\/prensa\/wp-json\/wp\/v2\/media?parent=67842"}],"wp:term":[{"taxonomy":"category","embeddable":true,"href":"https:\/\/www.mendoza.gov.ar\/prensa\/wp-json\/wp\/v2\/categories?post=67842"},{"taxonomy":"post_tag","embeddable":true,"href":"https:\/\/www.mendoza.gov.ar\/prensa\/wp-json\/wp\/v2\/tags?post=67842"}],"curies":[{"name":"wp","href":"https:\/\/api.w.org\/{rel}","templated":true}]}}