{"id":67906,"date":"2016-09-27T14:39:01","date_gmt":"2016-09-27T17:39:01","guid":{"rendered":"http:\/\/prensa.mendoza.gov.ar\/?p=67906"},"modified":"2016-09-27T14:39:01","modified_gmt":"2016-09-27T17:39:01","slug":"cornejo-y-basavilbaso-entregaron-viviendas-procrear","status":"publish","type":"post","link":"https:\/\/www.mendoza.gov.ar\/prensa\/cornejo-y-basavilbaso-entregaron-viviendas-procrear\/","title":{"rendered":"Cornejo y Basavilbaso entregaron viviendas del Procrear"},"content":{"rendered":"<!DOCTYPE html PUBLIC \"-\/\/W3C\/\/DTD HTML 4.0 Transitional\/\/EN\" \"http:\/\/www.w3.org\/TR\/REC-html40\/loose.dtd\">\n<html><body><p>El Gobernador Alfredo Cornejo y el director Ejecutivo de la ANSES, Emilio Basavilbaso, entregaron viviendas del plan Procrear&nbsp;en el desarrollo urban&iacute;stico de Maip&uacute;. Ante la presencia del intendente de la Comuna, Alejandro Bermejo, el titular del Instituto Provincial de la Vivienda (IPV), Dami&aacute;n Salamone, y el subsecretario de Vivienda de la Naci&oacute;n, Iv&aacute;n Kerr, 31 familias recibieron las llaves de su hogar.<\/p>\n<p>&ldquo;Sin dudas la cantidad de gente que necesita viviendas es muy superior a la capacidad de inversi&oacute;n que tiene el Estado provincial y nacional para llevarla a cabo. Sin embargo, poco a poco, se est&aacute;n acelerando todos los procesos, convirtiendo en realidad proyectos que desde hac&iacute;a a&ntilde;os estaban parados&rdquo;, dijo Cornejo.<\/p>\n<p><a href=\"https:\/\/www.mendoza.gov.ar\/prensa\/wp-content\/uploads\/sites\/23\/DSC_0172.jpg\"><img loading=\"lazy\" class=\"alignnone wp-image-67914 img-responsive center-block\" src=\"https:\/\/www.mendoza.gov.ar\/prensa\/wp-content\/uploads\/sites\/23\/DSC_0172.jpg\" alt=\"\" width=\"650\" height=\"432\"><\/a><\/p>\n<p>El mandatario asegur&oacute;: &ldquo;Nuestro compromiso es seguir trabajando para cubrir la demanda. Hay muy poca gente que tiene la capacidad para construirse una vivienda o para obtener la financiaci&oacute;n de un banco privado en el mercado abierto para lograrlo. La mayor&iacute;a de la poblaci&oacute;n requiere de tasas subsidiadas por el Estado, en este caso por la&nbsp;ANSES&rdquo;.<\/p>\n<p>Detall&oacute; que el Procrear&nbsp;&ldquo;es un programa muy bueno y muy bien financiado con una baja tasa de inter&eacute;s, con cuotas accesibles y que puede sostener la clase media. Estamos entregando estas casas de muy buena calidad. Sin dudas, quedan muchas cosas por hacer y por mejorar&rdquo;.<\/p>\n<p>En cuanto a los planes provinciales de vivienda, Cornejo inform&oacute;: &ldquo;Estamos trabajando para que con aportes provinciales y nacionales podamos volver a un ritmo normal de construcci&oacute;n de 3.000 casas anuales. A ese nivel queremos llegar y para ello necesitamos optimizar nuestros costos, mejorar nuestro financiamiento y el cobro de la cuota. Es necesario mejorar todo el proceso de aplicaci&oacute;n, selecci&oacute;n y adjudicaci&oacute;n del IPV&rdquo;.<\/p>\n<p><strong>Detalles del proyecto urban&iacute;stico<\/strong><\/p>\n<p>El proyecto contempla 922 viviendas, entre las calles Avenida Juan B. Justo, Arenales, Los Escultores&nbsp;y&nbsp;El Planch&oacute;n. Se compone de 454 d&uacute;plex y 468 departamentos de 1, 2 y 3 dormitorios. Tambi&eacute;n hay 18 hogares aptos para discapacitados.<\/p>\n<p>El subsecretario de Vivienda de la Naci&oacute;n, Iv&aacute;n Kerr, explic&oacute;: &ldquo;Sabemos que ha habido retrasos en las entregas, pero vamos a trabajar junto con la gente y los beneficiarios para que se mantengan los derechos de todos y podamos terminar todas las viviendas que estaban en ejecuci&oacute;n. Argentina tiene un gran d&eacute;ficit habitacional y hoy s&oacute;lo en la provincia de Mendoza, por fuera del Procrear, hay 3.900 viviendas en ejecuci&oacute;n, que tambi&eacute;n han tenido inconvenientes y en las tambi&eacute;n se est&aacute; trabajando para que puedan terminarse. Tambi&eacute;n estamos trabajando para poder construir 1.500 viviendas m&aacute;s en la provincia&rdquo;.<\/p>\n<p><a href=\"https:\/\/www.mendoza.gov.ar\/prensa\/wp-content\/uploads\/sites\/23\/DSC_0251.jpg\"><img loading=\"lazy\" class=\"alignnone wp-image-67915 img-responsive center-block\" src=\"https:\/\/www.mendoza.gov.ar\/prensa\/wp-content\/uploads\/sites\/23\/DSC_0251.jpg\" alt=\"\" width=\"650\" height=\"432\"><\/a><\/p>\n<p>El director ejecutivo de la ANSES,&nbsp;Emilio Basavilbaso, indic&oacute; el motivo de las demoras en la entrega. &ldquo;En el contrato que se hab&iacute;a firmado,&nbsp;cuando se superaba determinado nivel salarial, dec&iacute;a que cambiaba la tasa de inter&eacute;s, pero como no queremos hacer eso. Se alarg&oacute; un poco el proceso administrativo que hace que se demore la entrega de viviendas. El compromiso est&aacute; en que antes de fin de a&ntilde;o podamos entregar las 30 restantes y las otras 100 viviendas que tambi&eacute;n est&aacute;n listas para entregarse&rdquo;, se&ntilde;al&oacute;.<\/p>\n<\/body><\/html>\n","protected":false},"excerpt":{"rendered":"Se trata de los d\u00faplex del desarrollo urban\u00edstico ubicado en Maip\u00fa. ","protected":false},"author":3,"featured_media":67913,"comment_status":"open","ping_status":"open","sticky":false,"template":"","format":"standard","meta":[],"categories":[19],"tags":[],"_links":{"self":[{"href":"https:\/\/www.mendoza.gov.ar\/prensa\/wp-json\/wp\/v2\/posts\/67906"}],"collection":[{"href":"https:\/\/www.mendoza.gov.ar\/prensa\/wp-json\/wp\/v2\/posts"}],"about":[{"href":"https:\/\/www.mendoza.gov.ar\/prensa\/wp-json\/wp\/v2\/types\/post"}],"author":[{"embeddable":true,"href":"https:\/\/www.mendoza.gov.ar\/prensa\/wp-json\/wp\/v2\/users\/3"}],"replies":[{"embeddable":true,"href":"https:\/\/www.mendoza.gov.ar\/prensa\/wp-json\/wp\/v2\/comments?post=67906"}],"version-history":[{"count":0,"href":"https:\/\/www.mendoza.gov.ar\/prensa\/wp-json\/wp\/v2\/posts\/67906\/revisions"}],"wp:featuredmedia":[{"embeddable":true,"href":"https:\/\/www.mendoza.gov.ar\/prensa\/wp-json\/wp\/v2\/media\/67913"}],"wp:attachment":[{"href":"https:\/\/www.mendoza.gov.ar\/prensa\/wp-json\/wp\/v2\/media?parent=67906"}],"wp:term":[{"taxonomy":"category","embeddable":true,"href":"https:\/\/www.mendoza.gov.ar\/prensa\/wp-json\/wp\/v2\/categories?post=67906"},{"taxonomy":"post_tag","embeddable":true,"href":"https:\/\/www.mendoza.gov.ar\/prensa\/wp-json\/wp\/v2\/tags?post=67906"}],"curies":[{"name":"wp","href":"https:\/\/api.w.org\/{rel}","templated":true}]}}