{"id":68060,"date":"2016-09-28T16:25:15","date_gmt":"2016-09-28T19:25:15","guid":{"rendered":"http:\/\/prensa.mendoza.gov.ar\/?p=68060"},"modified":"2016-09-28T16:25:15","modified_gmt":"2016-09-28T19:25:15","slug":"ambiente-convoco-a-productores-del-este-provincial-en-rivadavia","status":"publish","type":"post","link":"https:\/\/www.mendoza.gov.ar\/prensa\/ambiente-convoco-a-productores-del-este-provincial-en-rivadavia\/","title":{"rendered":"Ambiente convoc\u00f3 a productores del Este provincial en Rivadavia"},"content":{"rendered":"<!DOCTYPE html PUBLIC \"-\/\/W3C\/\/DTD HTML 4.0 Transitional\/\/EN\" \"http:\/\/www.w3.org\/TR\/REC-html40\/loose.dtd\">\n<html><body><p>Se convoc&oacute; a los productores de la zona Este para analizar en forma conjunta con la Direcci&oacute;n de Recursos Naturales Renovables, la inquietud con respecto al da&ntilde;o que est&aacute;n causando algunas aves, como las catas, a los cultivos de la zona. El encuentro se realiz&oacute; en el lago municipal del departamento de Rivadavia.<\/p>\n<p>Se presentaron por la secretar&iacute;a de Ambiente, la directora de la Recursos Naturales Renovables de la provincia, Mabel Chambouleyron y el delegado de la zona Este por esta misma direcci&oacute;n, Rolando Rico, quienes escucharon a los productores presentes, atendieron inquietudes y analizaron los cuestionarios completados por los convocados.<\/p>\n<p>La Secretar&iacute;a de Ambiente y Ordenamiento Territorial se comprometi&oacute; con los productores a actualizar la resoluci&oacute;n&nbsp; vigente para incluir a esta especie de aves en la categor&iacute;a de &ldquo;da&ntilde;inos&rdquo; conforme a la ley de Fauna, pudiendo de esta manera dar un marco legal a los distintos procedimientos que la provincia apruebe para controlar a las bandadas dentro de los cultivos.<\/p>\n<p>Los departamentos afectados son los de San Martin, Rivadavia y Jun&iacute;n en donde algunos productores manifestaron p&eacute;rdidas de m&aacute;s del cincuenta por ciento en plantaciones de frutos de carozo y vid.<\/p>\n<\/body><\/html>\n","protected":false},"excerpt":{"rendered":"Con esta reuni\u00f3n se busc\u00f3 encontrar una soluci\u00f3n a la problem\u00e1tica que causan las catas a los cultivos.","protected":false},"author":3,"featured_media":68061,"comment_status":"open","ping_status":"open","sticky":false,"template":"","format":"standard","meta":[],"categories":[3],"tags":[],"_links":{"self":[{"href":"https:\/\/www.mendoza.gov.ar\/prensa\/wp-json\/wp\/v2\/posts\/68060"}],"collection":[{"href":"https:\/\/www.mendoza.gov.ar\/prensa\/wp-json\/wp\/v2\/posts"}],"about":[{"href":"https:\/\/www.mendoza.gov.ar\/prensa\/wp-json\/wp\/v2\/types\/post"}],"author":[{"embeddable":true,"href":"https:\/\/www.mendoza.gov.ar\/prensa\/wp-json\/wp\/v2\/users\/3"}],"replies":[{"embeddable":true,"href":"https:\/\/www.mendoza.gov.ar\/prensa\/wp-json\/wp\/v2\/comments?post=68060"}],"version-history":[{"count":0,"href":"https:\/\/www.mendoza.gov.ar\/prensa\/wp-json\/wp\/v2\/posts\/68060\/revisions"}],"wp:featuredmedia":[{"embeddable":true,"href":"https:\/\/www.mendoza.gov.ar\/prensa\/wp-json\/wp\/v2\/media\/68061"}],"wp:attachment":[{"href":"https:\/\/www.mendoza.gov.ar\/prensa\/wp-json\/wp\/v2\/media?parent=68060"}],"wp:term":[{"taxonomy":"category","embeddable":true,"href":"https:\/\/www.mendoza.gov.ar\/prensa\/wp-json\/wp\/v2\/categories?post=68060"},{"taxonomy":"post_tag","embeddable":true,"href":"https:\/\/www.mendoza.gov.ar\/prensa\/wp-json\/wp\/v2\/tags?post=68060"}],"curies":[{"name":"wp","href":"https:\/\/api.w.org\/{rel}","templated":true}]}}