{"id":68109,"date":"2016-09-29T12:53:55","date_gmt":"2016-09-29T15:53:55","guid":{"rendered":"http:\/\/prensa.mendoza.gov.ar\/?p=68109"},"modified":"2016-09-29T12:53:55","modified_gmt":"2016-09-29T15:53:55","slug":"ambiente-rescato-dos-condores-en-uspallata-y-ya-se-rehabilitan-en-buenos-aires","status":"publish","type":"post","link":"https:\/\/www.mendoza.gov.ar\/prensa\/ambiente-rescato-dos-condores-en-uspallata-y-ya-se-rehabilitan-en-buenos-aires\/","title":{"rendered":"Ambiente rescat\u00f3 dos c\u00f3ndores en Uspallata y ya se rehabilitan en Buenos Aires"},"content":{"rendered":"<!DOCTYPE html PUBLIC \"-\/\/W3C\/\/DTD HTML 4.0 Transitional\/\/EN\" \"http:\/\/www.w3.org\/TR\/REC-html40\/loose.dtd\">\n<html><body><p>Personal de Fauna y Guardaparques de la Direcci&oacute;n de Recursos Naturales Renovables de la provincia fue alertado por la Polic&iacute;a Rural de Mendoza, a trav&eacute;s de un turista que circulaba por la zona de Uspallata, que &nbsp;al costado de la ruta 7&nbsp;hab&iacute;a&nbsp;aves golpeadas e intoxicadas y corr&iacute;an peligro de agresi&oacute;n.<\/p>\n<p>La Direcci&oacute;n de Recursos Naturales&nbsp;tiene&nbsp;un convenio con el proyecto &ldquo;Conservaci&oacute;n C&oacute;ndor Andino&rdquo;, que integran el Zool&oacute;gico de Buenos Aires y la Fundaci&oacute;n Bio Andina Argentina.<\/p>\n<p>A trav&eacute;s de este acuerdo, la organizaci&oacute;n se hace cargo de los costos del operativo de traslado a Buenos Aires de las aves rescatadas de diversos operativos, que se encuentran en condiciones cr&iacute;ticas,&nbsp;para ser rehabilitadas y devueltas nuevamente a nuestra provincia con el objetivo de ser liberadas a su habitad natural.<\/p>\n<p><a href=\"https:\/\/www.mendoza.gov.ar\/prensa\/wp-content\/uploads\/sites\/23\/14435288_1431930613488829_2336196202714155652_o.jpg\"><img loading=\"lazy\" class=\"alignnone  wp-image-68116 img-responsive center-block\" src=\"https:\/\/www.mendoza.gov.ar\/prensa\/wp-content\/uploads\/sites\/23\/14435288_1431930613488829_2336196202714155652_o.jpg\" alt=\"\" width=\"726\" height=\"390\"><\/a><\/p>\n<p>El Departamento de Fauna Silvestre de la Direcci&oacute;n de Recursos Naturales traslad&oacute; de&nbsp;forma urgente a los dos c&oacute;ndores rescatados en Uspallata a la provincia de San Juan para luego enviarlos a la provincia de Buenos Aires, en donde est&aacute;n siendo atendidos. El &uacute;ltimo informe enviado &nbsp;ayer por la Fundaci&oacute;n indica que es la primera vez que se aplica&nbsp;este protocolo de procedimiento de rescate en un plazo tan inmediato.<\/p>\n<p>Las aves se encuentran en recuperaci&oacute;n de la aparente intoxicaci&oacute;n, que podr&aacute; confirmarse con los resultados de los estudios que les est&aacute;n realizando.<\/p>\n<p>La Secretar&iacute;a de Ambiente y Ordenamiento Territorial de la provincia agradece a la Fundaci&oacute;n Cullunche por el aporte y prestaci&oacute;n que realiz&oacute; de un transport&iacute;n especial para llevar&nbsp;a una de las aves rescatadas. Tambi&eacute;n, a la Polic&iacute;a de Mendoza y Gendarmer&iacute;a Nacional, por colaborar con el operativo de rescate.<\/p>\n<\/body><\/html>\n","protected":false},"excerpt":{"rendered":"El equipo de Fauna y Guardaparques de la Direcci\u00f3n de Recursos Naturales de la provincia estuvo a cargo del operativo de rescate. Las aves fueron trasladadas a un centro de rehabilitaci\u00f3n en Buenos Aires y en dos meses ser\u00e1n reinsertadas en su h\u00e1bitat.","protected":false},"author":3,"featured_media":68115,"comment_status":"open","ping_status":"open","sticky":false,"template":"","format":"standard","meta":[],"categories":[3],"tags":[],"_links":{"self":[{"href":"https:\/\/www.mendoza.gov.ar\/prensa\/wp-json\/wp\/v2\/posts\/68109"}],"collection":[{"href":"https:\/\/www.mendoza.gov.ar\/prensa\/wp-json\/wp\/v2\/posts"}],"about":[{"href":"https:\/\/www.mendoza.gov.ar\/prensa\/wp-json\/wp\/v2\/types\/post"}],"author":[{"embeddable":true,"href":"https:\/\/www.mendoza.gov.ar\/prensa\/wp-json\/wp\/v2\/users\/3"}],"replies":[{"embeddable":true,"href":"https:\/\/www.mendoza.gov.ar\/prensa\/wp-json\/wp\/v2\/comments?post=68109"}],"version-history":[{"count":0,"href":"https:\/\/www.mendoza.gov.ar\/prensa\/wp-json\/wp\/v2\/posts\/68109\/revisions"}],"wp:featuredmedia":[{"embeddable":true,"href":"https:\/\/www.mendoza.gov.ar\/prensa\/wp-json\/wp\/v2\/media\/68115"}],"wp:attachment":[{"href":"https:\/\/www.mendoza.gov.ar\/prensa\/wp-json\/wp\/v2\/media?parent=68109"}],"wp:term":[{"taxonomy":"category","embeddable":true,"href":"https:\/\/www.mendoza.gov.ar\/prensa\/wp-json\/wp\/v2\/categories?post=68109"},{"taxonomy":"post_tag","embeddable":true,"href":"https:\/\/www.mendoza.gov.ar\/prensa\/wp-json\/wp\/v2\/tags?post=68109"}],"curies":[{"name":"wp","href":"https:\/\/api.w.org\/{rel}","templated":true}]}}