{"id":68220,"date":"2016-09-30T08:35:41","date_gmt":"2016-09-30T11:35:41","guid":{"rendered":"http:\/\/prensa.mendoza.gov.ar\/?p=68220"},"modified":"2016-09-30T08:35:41","modified_gmt":"2016-09-30T11:35:41","slug":"osep-participo-del-primer-foro-nacional-de-gobierno-abierto-y-tecnologia-civica","status":"publish","type":"post","link":"https:\/\/www.mendoza.gov.ar\/prensa\/osep-participo-del-primer-foro-nacional-de-gobierno-abierto-y-tecnologia-civica\/","title":{"rendered":"OSEP particip\u00f3 del Primer Foro Nacional de Gobierno Abierto y Tecnolog\u00eda C\u00edvica"},"content":{"rendered":"<!DOCTYPE html PUBLIC \"-\/\/W3C\/\/DTD HTML 4.0 Transitional\/\/EN\" \"http:\/\/www.w3.org\/TR\/REC-html40\/loose.dtd\">\n<html><body><div align=\"JUSTIFY\">\n<p>La Comisi&oacute;n de Modernizaci&oacute;n de la Obra Social de Empleados P&uacute;bicos (OSEP), conformada por especialistas en el manejo de tecnolog&iacute;as de la informaci&oacute;n (TIC) y comunicaci&oacute;n, particip&oacute; del primer Foro Nacional de Gobierno Abierto y Tecnolog&iacute;a C&iacute;vica, en la Ciudad de Buenos Aires.<\/p>\n<p>El Gobierno Abierto es un proceso de transformaci&oacute;n del Estado que promueve la transparencia, la participaci&oacute;n ciudadana y la colaboraci&oacute;n como principios de dise&ntilde;o para una gesti&oacute;n p&uacute;blica innovadora.&nbsp;Para OSEP, concurrir al foro significa ratificar y continuar una forma de trabajo que ya se ven&iacute;a implementando.<\/p>\n<p>La Comisi&oacute;n de Modernizaci&oacute;n de la Obra Social, conformada por Gladys Pereyra, los ingenieros Carina y Andrea Rotella, Gabriel Arias y Sergio Blasco, Alejandra Estrella, Lair Italiani y Carlos Quiroga, fue una de las representaciones mendocinas en el encuentro.<\/p>\n<p><strong>Nuevos canales de participaci&oacute;n ciudadana<\/strong><\/p>\n<p>Gabriel Arias, gerente de TIC de la Obra Social, destac&oacute; el rol de las tecnolog&iacute;as de la informaci&oacute;n y comunicaciones en un gobierno abierto, ya que &ldquo;la innovaci&oacute;n tecnol&oacute;gica facilita la creaci&oacute;n de nuevos canales de participaci&oacute;n ciudadana&rdquo;. Se&ntilde;al&oacute; adem&aacute;s que estas herramientas &ldquo;cumplen un rol fundamental para transformar el gobierno y conectarlo con los ciudadanos, en nuestro caso con los afiliados, y transparentar as&iacute; la gesti&oacute;n gubernamental, con el fin de lograr administraciones p&uacute;blicas m&aacute;s eficientes y democracias m&aacute;s robustas&rdquo;.<\/p>\n<p>Asimismo, Arias sostuvo: &ldquo;Estamos trabajando en un proceso de modernizaci&oacute;n de la instituci&oacute;n que incluye, entre otras novedades, identificaci&oacute;n de afiliados mediante huella digital, ficha cl&iacute;nica digital, firma digital, digitalizaci&oacute;n de expedientes y legajo electr&oacute;nico de afiliados, proveedores y prestadores&rdquo;, por lo que &ldquo;para nosotros participar de este foro significa confirmar que venimos realizando un buen trabajo en este necesario y ambicioso proceso que busca agilizar y economizar los tr&aacute;mites de nuestros afiliados&rdquo;.<\/p>\n<\/div>\n<div align=\"JUSTIFY\"><a href=\"https:\/\/www.mendoza.gov.ar\/prensa\/wp-content\/uploads\/sites\/23\/foto11.jpg\"><img loading=\"lazy\" class=\"alignnone  wp-image-68222 img-responsive center-block\" src=\"https:\/\/www.mendoza.gov.ar\/prensa\/wp-content\/uploads\/sites\/23\/foto11.jpg\" alt=\"\" width=\"744\" height=\"418\"><\/a><\/div>\n<div id=\"m_4999713835293590104yui_3_16_0_ym19_1_1475173690756_20953\" align=\"JUSTIFY\"><\/div>\n<div id=\"m_4999713835293590104yui_3_16_0_ym19_1_1475173690756_20955\" align=\"JUSTIFY\">\n<p>Este equipo de trabajo de la obra social, dijo Arias, est&aacute; abierto a todas las &aacute;reas o trabajadores que quieran acercar sugerencias. Asimismo, confirm&oacute; que &ldquo;se realizar&aacute;n capacitaciones para el personal en el uso de estas nuevas herramientas que requieren de un fuerte cambio cultural&rdquo;.<\/p>\n<p>El acceso a la informaci&oacute;n p&uacute;blica es un derecho humano que se encuentra garantizado en la Constituci&oacute;n Nacional y que permite, tambi&eacute;n, la rendici&oacute;n de cuentas. Es muy importante promoverlo, ya que es esencial para el ejercicio de otros derechos, como los econ&oacute;micos, sociales y culturales. Adem&aacute;s, realiza un gran aporte a la ciudadan&iacute;a, pues permite tomar decisiones de manera informada y posibilita la promoci&oacute;n de mejoras en los servicios p&uacute;blicos b&aacute;sicos.<\/p>\n<\/div>\n<\/body><\/html>\n","protected":false},"excerpt":{"rendered":"A trav\u00e9s de su Comisi\u00f3n de Modernizaci\u00f3n, conformada por especialistas en el manejo de TIC (tecnolog\u00edas de la informaci\u00f3n y comunicaci\u00f3n), la Obra Social de Empleados P\u00fablicos particip\u00f3 en el encuentro, en la Ciudad de Buenos Aires.","protected":false},"author":3,"featured_media":68221,"comment_status":"open","ping_status":"open","sticky":false,"template":"","format":"standard","meta":[],"categories":[30],"tags":[],"_links":{"self":[{"href":"https:\/\/www.mendoza.gov.ar\/prensa\/wp-json\/wp\/v2\/posts\/68220"}],"collection":[{"href":"https:\/\/www.mendoza.gov.ar\/prensa\/wp-json\/wp\/v2\/posts"}],"about":[{"href":"https:\/\/www.mendoza.gov.ar\/prensa\/wp-json\/wp\/v2\/types\/post"}],"author":[{"embeddable":true,"href":"https:\/\/www.mendoza.gov.ar\/prensa\/wp-json\/wp\/v2\/users\/3"}],"replies":[{"embeddable":true,"href":"https:\/\/www.mendoza.gov.ar\/prensa\/wp-json\/wp\/v2\/comments?post=68220"}],"version-history":[{"count":0,"href":"https:\/\/www.mendoza.gov.ar\/prensa\/wp-json\/wp\/v2\/posts\/68220\/revisions"}],"wp:featuredmedia":[{"embeddable":true,"href":"https:\/\/www.mendoza.gov.ar\/prensa\/wp-json\/wp\/v2\/media\/68221"}],"wp:attachment":[{"href":"https:\/\/www.mendoza.gov.ar\/prensa\/wp-json\/wp\/v2\/media?parent=68220"}],"wp:term":[{"taxonomy":"category","embeddable":true,"href":"https:\/\/www.mendoza.gov.ar\/prensa\/wp-json\/wp\/v2\/categories?post=68220"},{"taxonomy":"post_tag","embeddable":true,"href":"https:\/\/www.mendoza.gov.ar\/prensa\/wp-json\/wp\/v2\/tags?post=68220"}],"curies":[{"name":"wp","href":"https:\/\/api.w.org\/{rel}","templated":true}]}}