{"id":68415,"date":"2016-10-03T09:54:35","date_gmt":"2016-10-03T12:54:35","guid":{"rendered":"http:\/\/prensa.mendoza.gov.ar\/?p=68415"},"modified":"2016-10-03T09:54:35","modified_gmt":"2016-10-03T12:54:35","slug":"las-heladas-habrian-afectado-cerca-de-30-mil-hectareas","status":"publish","type":"post","link":"https:\/\/www.mendoza.gov.ar\/prensa\/las-heladas-habrian-afectado-cerca-de-30-mil-hectareas\/","title":{"rendered":"Las heladas habr\u00edan afectado cerca de 30 mil hect\u00e1reas"},"content":{"rendered":"<!DOCTYPE html PUBLIC \"-\/\/W3C\/\/DTD HTML 4.0 Transitional\/\/EN\" \"http:\/\/www.w3.org\/TR\/REC-html40\/loose.dtd\">\n<html><body><p>La Direcci&oacute;n de Agricultura y Contingencias Clim&aacute;ticas (DACC) determin&oacute;, a trav&eacute;s de un c&aacute;lculo aproximativo, que las bajas temperaturas de los d&iacute;as&nbsp;2, 6 y 24 de setiembre afectaron 29.900 hect&aacute;reas. No obstante, la certeza de la superficie perjudicada&nbsp;resultar&aacute; de las pericias t&eacute;cnicas que comenzar&aacute;n en los pr&oacute;ximos d&iacute;as.<\/p>\n<div id=\"m_8648605031587109629yui_3_16_0_ym19_1_1475494222731_10060\" class=\"m_8648605031587109629yiv5792569047MsoNormal\">Los d&iacute;as mencionados fueron los m&aacute;s comprometidos en cuanto al impacto de las bajas temperaturas debido a que los frutales se encontraban en el inicio de floraci&oacute;n, algunos en estado m&aacute;s avanzados, al 50% y en plena flor, otros en cuaje y otros m&aacute;s avanzados con frutos de 2 cm.<\/div>\n<div id=\"m_8648605031587109629yui_3_16_0_ym19_1_1475494222731_10059\" class=\"m_8648605031587109629yiv5792569047MsoNormal\"><\/div>\n<div id=\"m_8648605031587109629yui_3_16_0_ym19_1_1475494222731_9903\" class=\"m_8648605031587109629yiv5792569047MsoNormal\"><span id=\"m_8648605031587109629yui_3_16_0_ym19_1_1475494222731_9902\">Se calcula, entonces, que el descenso brusco de temperaturas afect&oacute; los estados fenol&oacute;gicos de las plantas, considerando que las m&iacute;nimas cr&iacute;ticas para cada etapa del cultivo fueron ampliamente superadas. El 2 y 6 de setiembre se registraron -3&ordm;C y -4,6&ordm;C en distintas zonas productivas, con lo cual la probabilidad de da&ntilde;o es alta, pues en el caso del duraznero, por ejemplo, la temperatura cr&iacute;tica para el estado de plena floraci&oacute;n es de -2,8&ordm;C. &nbsp;<\/span><\/div>\n<div class=\"m_8648605031587109629yiv5792569047MsoNormal\"><\/div>\n<div id=\"m_8648605031587109629yui_3_16_0_ym19_1_1475494222731_9957\" class=\"m_8648605031587109629yiv5792569047MsoNormal\"><span id=\"m_8648605031587109629yui_3_16_0_ym19_1_1475494222731_9956\">En el oasis Sur, las heladas habr&iacute;an afectado alrededor de 15.000 hect&aacute;reas;&nbsp;en el oasis Centro, 6.000 hect&aacute;reas;&nbsp;en el Este, 4.300. En tanto, en el oasis Norte, la superficie afectada asciende a 4.600 hect&aacute;reas.<\/span><\/div>\n<div class=\"m_8648605031587109629yiv5792569047MsoNormal\"><\/div>\n<div class=\"m_8648605031587109629yiv5792569047MsoNormal\"><a href=\"https:\/\/www.mendoza.gov.ar\/prensa\/wp-content\/uploads\/sites\/23\/heladas.jpg\"><img loading=\"lazy\" class=\"alignnone size-full wp-image-68416 img-responsive center-block\" src=\"https:\/\/www.mendoza.gov.ar\/prensa\/wp-content\/uploads\/sites\/23\/heladas.jpg\" alt=\"\" width=\"556\" height=\"199\"><\/a><\/div>\n<div id=\"m_8648605031587109629yui_3_16_0_ym19_1_1475494222731_9957\" class=\"m_8648605031587109629yiv5792569047MsoNormal\">Con respecto a las especies, la ciruela result&oacute; m&aacute;s afectada: alrededor de 14.200 hect&aacute;reas quedaron comprometidas por las bajas temperaturas, lo que equivale al 47% de la superficie cultivada&nbsp;con esta especie en Mendoza. La producci&oacute;n de durazno tambi&eacute;n habr&iacute;a sido castigada por la helada: el 36% de la superficie implantada se encuentra en zonas donde las temperaturas descendieron por debajo de -3&deg;C.<\/div>\n<div class=\"m_8648605031587109629yiv5792569047MsoNormal\"><\/div>\n<div class=\"m_8648605031587109629yiv5792569047MsoNormal\">Esta aproximaci&oacute;n fue realizada a partir de los registros de las 30 estaciones meteorol&oacute;gicas de la DACC y tras un estudio elaborado por isotermas y mediciones que cruzan la zona de influencia de las estaciones meteorol&oacute;gicas y la ubicaci&oacute;n de los cultivos.<\/div>\n<p>&nbsp;<\/p>\n<\/body><\/html>\n","protected":false},"excerpt":{"rendered":"Para determinar con exactitud el porcentaje de da\u00f1os, se necesita el resultado de los peritajes, que comenzar\u00e1n en las pr\u00f3ximos d\u00edas.","protected":false},"author":61,"featured_media":68417,"comment_status":"open","ping_status":"open","sticky":false,"template":"","format":"standard","meta":[],"categories":[1],"tags":[],"_links":{"self":[{"href":"https:\/\/www.mendoza.gov.ar\/prensa\/wp-json\/wp\/v2\/posts\/68415"}],"collection":[{"href":"https:\/\/www.mendoza.gov.ar\/prensa\/wp-json\/wp\/v2\/posts"}],"about":[{"href":"https:\/\/www.mendoza.gov.ar\/prensa\/wp-json\/wp\/v2\/types\/post"}],"author":[{"embeddable":true,"href":"https:\/\/www.mendoza.gov.ar\/prensa\/wp-json\/wp\/v2\/users\/61"}],"replies":[{"embeddable":true,"href":"https:\/\/www.mendoza.gov.ar\/prensa\/wp-json\/wp\/v2\/comments?post=68415"}],"version-history":[{"count":0,"href":"https:\/\/www.mendoza.gov.ar\/prensa\/wp-json\/wp\/v2\/posts\/68415\/revisions"}],"wp:featuredmedia":[{"embeddable":true,"href":"https:\/\/www.mendoza.gov.ar\/prensa\/wp-json\/wp\/v2\/media\/68417"}],"wp:attachment":[{"href":"https:\/\/www.mendoza.gov.ar\/prensa\/wp-json\/wp\/v2\/media?parent=68415"}],"wp:term":[{"taxonomy":"category","embeddable":true,"href":"https:\/\/www.mendoza.gov.ar\/prensa\/wp-json\/wp\/v2\/categories?post=68415"},{"taxonomy":"post_tag","embeddable":true,"href":"https:\/\/www.mendoza.gov.ar\/prensa\/wp-json\/wp\/v2\/tags?post=68415"}],"curies":[{"name":"wp","href":"https:\/\/api.w.org\/{rel}","templated":true}]}}