{"id":68496,"date":"2016-10-04T08:50:55","date_gmt":"2016-10-04T11:50:55","guid":{"rendered":"http:\/\/prensa.mendoza.gov.ar\/?p=68496"},"modified":"2016-10-04T08:50:55","modified_gmt":"2016-10-04T11:50:55","slug":"osep-junto-a-la-kermes-saludable-en-bowen","status":"publish","type":"post","link":"https:\/\/www.mendoza.gov.ar\/prensa\/osep-junto-a-la-kermes-saludable-en-bowen\/","title":{"rendered":"OSEP particip\u00f3 en la kerm\u00e9s saludable en Bowen\u00a0"},"content":{"rendered":"<!DOCTYPE html PUBLIC \"-\/\/W3C\/\/DTD HTML 4.0 Transitional\/\/EN\" \"http:\/\/www.w3.org\/TR\/REC-html40\/loose.dtd\">\n<html><body><div>En el D&iacute;a de la Alimentaci&oacute;n y del Adulto Mayor, el Municipio de General Alvear organiz&oacute; una kerm&eacute;s saludable, el s&aacute;bado 1, en la plaza de Bowen.<\/div>\n<div><\/div>\n<div id=\"m_3428104052447133158yui_3_16_0_1_1475520857892_6762\">En una jornada agradable y con mucho p&uacute;blico, se desarrollaron&nbsp;una serie de actividades educativas y de entretenimiento para concientizar sobre la alimentaci&oacute;n saludable.<\/div>\n<div dir=\"ltr\"><br id=\"m_3428104052447133158yui_3_16_0_1_1475520857892_6771\">La Obra Social de Empleados P&uacute;blicos (OSEP)&nbsp;se sum&oacute; colocando un local&nbsp;y repartiendo folleter&iacute;a de los principales programas que est&aacute;n disponibles para toda la obra social y que ayudan a cientos de afiliados a mejorar su calidad de vida.<\/div>\n<div dir=\"ltr\"><br id=\"m_3428104052447133158yui_3_16_0_1_1475520857892_6772\">La nutricionista de la sede brind&oacute; charlas sobre los alimentos que nos benefician y la importancia de realizar actividad f&iacute;sica.<\/div>\n<div dir=\"ltr\"><br id=\"m_3428104052447133158yui_3_16_0_1_1475520857892_6773\">El encuentro incluy&oacute; una entrega de cinco&nbsp;botiquines de primeros auxilios a escuelas carenciadas del distrito,&nbsp; que OSEP don&oacute; para que est&eacute;n equipadas con este material de primera necesidad.<\/div>\n<\/body><\/html>\n","protected":false},"excerpt":{"rendered":"El\u00a0Municipio de General Alvear organiz\u00f3 una kerm\u00e9s saludable en el marco del D\u00eda de la Alimentaci\u00f3n y del Adulto Mayor. Profesionales de la obra social brindaron consejos a los participantes sobre c\u00f3mo llevar un estilo de vida m\u00e1s sano.","protected":false},"author":61,"featured_media":68497,"comment_status":"open","ping_status":"open","sticky":false,"template":"","format":"standard","meta":[],"categories":[30],"tags":[],"_links":{"self":[{"href":"https:\/\/www.mendoza.gov.ar\/prensa\/wp-json\/wp\/v2\/posts\/68496"}],"collection":[{"href":"https:\/\/www.mendoza.gov.ar\/prensa\/wp-json\/wp\/v2\/posts"}],"about":[{"href":"https:\/\/www.mendoza.gov.ar\/prensa\/wp-json\/wp\/v2\/types\/post"}],"author":[{"embeddable":true,"href":"https:\/\/www.mendoza.gov.ar\/prensa\/wp-json\/wp\/v2\/users\/61"}],"replies":[{"embeddable":true,"href":"https:\/\/www.mendoza.gov.ar\/prensa\/wp-json\/wp\/v2\/comments?post=68496"}],"version-history":[{"count":0,"href":"https:\/\/www.mendoza.gov.ar\/prensa\/wp-json\/wp\/v2\/posts\/68496\/revisions"}],"wp:featuredmedia":[{"embeddable":true,"href":"https:\/\/www.mendoza.gov.ar\/prensa\/wp-json\/wp\/v2\/media\/68497"}],"wp:attachment":[{"href":"https:\/\/www.mendoza.gov.ar\/prensa\/wp-json\/wp\/v2\/media?parent=68496"}],"wp:term":[{"taxonomy":"category","embeddable":true,"href":"https:\/\/www.mendoza.gov.ar\/prensa\/wp-json\/wp\/v2\/categories?post=68496"},{"taxonomy":"post_tag","embeddable":true,"href":"https:\/\/www.mendoza.gov.ar\/prensa\/wp-json\/wp\/v2\/tags?post=68496"}],"curies":[{"name":"wp","href":"https:\/\/api.w.org\/{rel}","templated":true}]}}