{"id":68506,"date":"2016-10-04T09:47:08","date_gmt":"2016-10-04T12:47:08","guid":{"rendered":"http:\/\/prensa.mendoza.gov.ar\/?p=68506"},"modified":"2016-10-04T09:47:08","modified_gmt":"2016-10-04T12:47:08","slug":"el-iscamen-permanecera-cerrado-hoy-por-celebrar-sus-21anos","status":"publish","type":"post","link":"https:\/\/www.mendoza.gov.ar\/prensa\/el-iscamen-permanecera-cerrado-hoy-por-celebrar-sus-21anos\/","title":{"rendered":"El Iscamen permanecer\u00e1 cerrado hoy por celebrar sus 21 a\u00f1os"},"content":{"rendered":"<!DOCTYPE html PUBLIC \"-\/\/W3C\/\/DTD HTML 4.0 Transitional\/\/EN\" \"http:\/\/www.w3.org\/TR\/REC-html40\/loose.dtd\">\n<html><body><p>Fue en octubre de 1995, cuando la Legislatura de Mendoza sancion&oacute;&nbsp;la Ley 6333, que declara de inter&eacute;s provincial la protecci&oacute;n fitozoosanitaria de la provincia y crea el Instituto de Sanidad y Calidad Agropecuaria de Mendoza (ISCAMEN).<\/p>\n<p>El organismo lleva&nbsp;adelante programas destinados a garantizar la sanidad vegetal, as&iacute; como del control y la fiscalizaci&oacute;n de insumos y productos de origen vegetal, agroqu&iacute;micos, semillas y plantas de vivero. Tambi&eacute;n, tareas de control en sanidad animal, alimentos, flora y fauna, mostos, vinos y alcoholes, az&uacute;car y edulcorantes para prevenir adulteraciones de vinos.<\/p>\n<p>Con esta ley, Mendoza institucionaliz&oacute; los mecanismos para garantizar la sanidad y calidad de su producci&oacute;n fruihort&iacute;cola, que goza de un alto reconocimiento tanto a nivel nacional como internacional.<\/p>\n<p><a href=\"https:\/\/www.mendoza.gov.ar\/prensa\/wp-content\/uploads\/sites\/23\/DSC_7030.jpg\"><img loading=\"lazy\" class=\"alignnone  wp-image-68517 img-responsive center-block\" src=\"https:\/\/www.mendoza.gov.ar\/prensa\/wp-content\/uploads\/sites\/23\/DSC_7030.jpg\" alt=\"\" width=\"621\" height=\"414\"><\/a><\/p>\n<p><strong>Jornada sin atenci&oacute;n<\/strong><\/p>\n<p>En virtud de conmemorarse un nuevo aniversario de creaci&oacute;n del Iscamen, durante hoy, martes la instituci&oacute;n no prestar&aacute; servicios en la sede central y delegaciones, aunque s&iacute; desempe&ntilde;ar&aacute; sus tareas habituales el personal de Barreras Sanitarias y de Bioplanta de producci&oacute;n de insectos de Santa Rosa.<\/p>\n<p>Por celebrarse el vig&eacute;simo primer aniversario de la instituci&oacute;n y en virtud del decreto N&ordm; 912\/13, que establece el D&iacute;a del Empleado p&uacute;blico y aclara que quedan excluidos del mencionado d&iacute;a conmemorativo aquellos organismos que tienen un d&iacute;a de celebraci&oacute;n particular, se otorg&oacute; asueto administrativo para el personal del instituto.<\/p>\n<p><a href=\"https:\/\/www.mendoza.gov.ar\/prensa\/wp-content\/uploads\/sites\/23\/DSC_6711.jpg\"><img loading=\"lazy\" class=\"alignnone  wp-image-68518 img-responsive center-block\" src=\"https:\/\/www.mendoza.gov.ar\/prensa\/wp-content\/uploads\/sites\/23\/DSC_6711.jpg\" alt=\"\" width=\"619\" height=\"413\"><\/a><\/p>\n<\/body><\/html>\n","protected":false},"excerpt":{"rendered":"Tanto la sede central como sus delegaciones no atender\u00e1n al p\u00fablico. Desde 1995, Mendoza tiene mecanismos para garantizar la sanidad y calidad de su producci\u00f3n fruihort\u00edcola, de alto reconocimiento tanto a nivel nacional como internacional","protected":false},"author":61,"featured_media":68516,"comment_status":"open","ping_status":"open","sticky":false,"template":"","format":"standard","meta":[],"categories":[1],"tags":[],"_links":{"self":[{"href":"https:\/\/www.mendoza.gov.ar\/prensa\/wp-json\/wp\/v2\/posts\/68506"}],"collection":[{"href":"https:\/\/www.mendoza.gov.ar\/prensa\/wp-json\/wp\/v2\/posts"}],"about":[{"href":"https:\/\/www.mendoza.gov.ar\/prensa\/wp-json\/wp\/v2\/types\/post"}],"author":[{"embeddable":true,"href":"https:\/\/www.mendoza.gov.ar\/prensa\/wp-json\/wp\/v2\/users\/61"}],"replies":[{"embeddable":true,"href":"https:\/\/www.mendoza.gov.ar\/prensa\/wp-json\/wp\/v2\/comments?post=68506"}],"version-history":[{"count":0,"href":"https:\/\/www.mendoza.gov.ar\/prensa\/wp-json\/wp\/v2\/posts\/68506\/revisions"}],"wp:featuredmedia":[{"embeddable":true,"href":"https:\/\/www.mendoza.gov.ar\/prensa\/wp-json\/wp\/v2\/media\/68516"}],"wp:attachment":[{"href":"https:\/\/www.mendoza.gov.ar\/prensa\/wp-json\/wp\/v2\/media?parent=68506"}],"wp:term":[{"taxonomy":"category","embeddable":true,"href":"https:\/\/www.mendoza.gov.ar\/prensa\/wp-json\/wp\/v2\/categories?post=68506"},{"taxonomy":"post_tag","embeddable":true,"href":"https:\/\/www.mendoza.gov.ar\/prensa\/wp-json\/wp\/v2\/tags?post=68506"}],"curies":[{"name":"wp","href":"https:\/\/api.w.org\/{rel}","templated":true}]}}