{"id":68527,"date":"2016-10-04T10:06:19","date_gmt":"2016-10-04T13:06:19","guid":{"rendered":"http:\/\/prensa.mendoza.gov.ar\/?p=68527"},"modified":"2016-10-04T10:06:19","modified_gmt":"2016-10-04T13:06:19","slug":"fiscalizacion-y-control-capacito-en-buenas-practicas-de-manufactura-en-alvear","status":"publish","type":"post","link":"https:\/\/www.mendoza.gov.ar\/prensa\/fiscalizacion-y-control-capacito-en-buenas-practicas-de-manufactura-en-alvear\/","title":{"rendered":"Fiscalizaci\u00f3n y control capacit\u00f3 en Buenas Pr\u00e1cticas de Manufactura en Alvear"},"content":{"rendered":"<!DOCTYPE html PUBLIC \"-\/\/W3C\/\/DTD HTML 4.0 Transitional\/\/EN\" \"http:\/\/www.w3.org\/TR\/REC-html40\/loose.dtd\">\n<html><body><div id=\"m_-288796365370249170yui_3_16_0_1_1475581652310_7592\" class=\"m_-288796365370249170y_msg_container\">El Ministerio de Econom&iacute;a, Infraestructura y Energ&iacute;a, a trav&eacute;s de la&nbsp;Direcci&oacute;n de Fiscalizaci&oacute;n y Control, realiz&oacute; una Jornada de Capacitaci&oacute;n&nbsp;en Buenas Pr&aacute;cticas de Manufactura (BPM) en General Alvear.<\/div>\n<div class=\"m_-288796365370249170y_msg_container\"><\/div>\n<div id=\"m_-288796365370249170yui_3_16_0_1_1475581652310_7592\" class=\"m_-288796365370249170y_msg_container\">El objetivo del encuentro fue dar a conocer los principios b&aacute;sicos y&nbsp;pr&aacute;cticas generales de higiene en la manipulaci&oacute;n, preparaci&oacute;n,&nbsp;elaboraci&oacute;n, envasado, almacenamiento, transporte y distribuci&oacute;n de&nbsp;alimentos.<\/div>\n<div class=\"m_-288796365370249170y_msg_container\"><\/div>\n<div class=\"m_-288796365370249170y_msg_container\"><a href=\"https:\/\/www.mendoza.gov.ar\/prensa\/wp-content\/uploads\/sites\/23\/cap-alvear-1.jpg\"><img loading=\"lazy\" class=\"alignnone  wp-image-68531 img-responsive center-block\" src=\"https:\/\/www.mendoza.gov.ar\/prensa\/wp-content\/uploads\/sites\/23\/cap-alvear-1.jpg\" alt=\"\" width=\"604\" height=\"452\"><\/a><\/div>\n<div id=\"m_-288796365370249170yui_3_16_0_1_1475581652310_7592\" class=\"m_-288796365370249170y_msg_container\">Fue a solicitud de la C&aacute;mara de Comercio, Industria,&nbsp;Agricultura y Ganader&iacute;a de Alvear y estuvo a cargo de Lucas Pereira, del&nbsp;Departamento de Industria de la Direcci&oacute;n, quien disert&oacute; sobre el&nbsp;mejoramiento e implementaci&oacute;n de las BPM, los Procedimientos Operativos&nbsp;Estandarizados de Saneamiento (POES) y el Manejo Integral de Plagas (MIP).<\/div>\n<div class=\"m_-288796365370249170y_msg_container\"><\/div>\n<div id=\"m_-288796365370249170yui_3_16_0_1_1475581652310_7592\" class=\"m_-288796365370249170y_msg_container\">A trav&eacute;s de estas acciones, la direcci&oacute;n contin&uacute;a fortaleciendo y&nbsp;asistiendo a los industriales mendocinos en los procesos de calidad&nbsp;agroalimentaria.<\/div>\n<div class=\"m_-288796365370249170y_msg_container\"><\/div>\n<div class=\"m_-288796365370249170y_msg_container\">Para m&aacute;s informaci&oacute;n, comunicarse al tel&eacute;fono 0800 333&nbsp;3492.<\/div>\n<\/body><\/html>\n","protected":false},"excerpt":{"rendered":"Industriales y personal de las m\u00e1s de 50 industrias de la zona participaron en un encuentro realizado en el Predio Ferial, convocados por la Provincia, el Municipio y entidades del departamento sure\u00f1o.","protected":false},"author":61,"featured_media":68529,"comment_status":"open","ping_status":"open","sticky":false,"template":"","format":"standard","meta":[],"categories":[1],"tags":[],"_links":{"self":[{"href":"https:\/\/www.mendoza.gov.ar\/prensa\/wp-json\/wp\/v2\/posts\/68527"}],"collection":[{"href":"https:\/\/www.mendoza.gov.ar\/prensa\/wp-json\/wp\/v2\/posts"}],"about":[{"href":"https:\/\/www.mendoza.gov.ar\/prensa\/wp-json\/wp\/v2\/types\/post"}],"author":[{"embeddable":true,"href":"https:\/\/www.mendoza.gov.ar\/prensa\/wp-json\/wp\/v2\/users\/61"}],"replies":[{"embeddable":true,"href":"https:\/\/www.mendoza.gov.ar\/prensa\/wp-json\/wp\/v2\/comments?post=68527"}],"version-history":[{"count":0,"href":"https:\/\/www.mendoza.gov.ar\/prensa\/wp-json\/wp\/v2\/posts\/68527\/revisions"}],"wp:featuredmedia":[{"embeddable":true,"href":"https:\/\/www.mendoza.gov.ar\/prensa\/wp-json\/wp\/v2\/media\/68529"}],"wp:attachment":[{"href":"https:\/\/www.mendoza.gov.ar\/prensa\/wp-json\/wp\/v2\/media?parent=68527"}],"wp:term":[{"taxonomy":"category","embeddable":true,"href":"https:\/\/www.mendoza.gov.ar\/prensa\/wp-json\/wp\/v2\/categories?post=68527"},{"taxonomy":"post_tag","embeddable":true,"href":"https:\/\/www.mendoza.gov.ar\/prensa\/wp-json\/wp\/v2\/tags?post=68527"}],"curies":[{"name":"wp","href":"https:\/\/api.w.org\/{rel}","templated":true}]}}