{"id":68569,"date":"2016-10-04T15:45:52","date_gmt":"2016-10-04T18:45:52","guid":{"rendered":"http:\/\/prensa.mendoza.gov.ar\/?p=68569"},"modified":"2016-10-04T15:45:52","modified_gmt":"2016-10-04T18:45:52","slug":"cornejo-pidio-mayor-compromiso-a-los-gobiernos-nacionales-de-chile-y-argentina-para-agilizar-el-paso-internacional-cristo-redentor","status":"publish","type":"post","link":"https:\/\/www.mendoza.gov.ar\/prensa\/cornejo-pidio-mayor-compromiso-a-los-gobiernos-nacionales-de-chile-y-argentina-para-agilizar-el-paso-internacional-cristo-redentor\/","title":{"rendered":"Cornejo pidi\u00f3 mayor compromiso a los gobiernos nacionales de Chile y Argentina para agilizar el Paso Internacional Cristo Redentor"},"content":{"rendered":"<!DOCTYPE html PUBLIC \"-\/\/W3C\/\/DTD HTML 4.0 Transitional\/\/EN\" \"http:\/\/www.w3.org\/TR\/REC-html40\/loose.dtd\">\n<html><body><p>El Gobernador, Alfredo Cornejo, particip&oacute; esta ma&ntilde;ana en la ciudad de Vi&ntilde;a del Mar, Chile, del comit&eacute; de integraci&oacute;n &ldquo;Paso Sistema Cristo Redentor&rdquo;. All&iacute; mantuvo diversas reuniones con el&nbsp;intendente de Valpara&iacute;so, Gabriel Aldoney, y los embajadores de ambos pa&iacute;ses.<\/p>\n<p>Este comit&eacute; es el m&aacute;s antiguo de los que existen entre Chile y Argentina. Data de 1987 y desde entonces se ha ido reuniendo alternadamente en Chile y Argentina sin interrupciones. Estos 29 a&ntilde;os de trabajo constituyen una verdadera tradici&oacute;n y de su labor han surgido instancias de colaboraci&oacute;n y convergencia que han enriquecido la relaci&oacute;n bilateral.<\/p>\n<p>Al inicio, Alfredo Cornejo, expres&oacute;: &ldquo;Bienvenidos a todos los funcionarios argentinos y chilenos que est&aacute;n hoy aqu&iacute; presente en este encuentro, conozco la ardua tarea que tienen por delante y el trabajo que ya est&aacute;n realizando, agradezco especialmente al intendente de Valpara&iacute;so, Gabriel Aldoney, le queremos hacer una invitaci&oacute;n p&uacute;blica para que visite Mendoza antes de fin de a&ntilde;o&rdquo;.<\/p>\n<p>&ldquo;Tenemos una larga historia de complementaci&oacute;n cultural entre ambos pa&iacute;ses. La cordillera no ha sido un obst&aacute;culo para que tengamos un nutrido intercambio desde todo punto de vista. En la actualidad, en Mendoza en particular, muchos de nuestros municipios con muchas de las alcad&iacute;as de Chile tienen convenios de colaboraci&oacute;n. Hay una profusa tarea de promoci&oacute;n tur&iacute;stica en ambos lados&rdquo;, agreg&oacute; el Gobernador.<\/p>\n<p>En referencia a la relaci&oacute;n comercial de Chile y Argentina, Cornejo coment&oacute;: &ldquo;Tenemos una historia de intercambio comercial muy importante que est&aacute; anclada a los avatares de nuestras econom&iacute;as, la Argentina ha tenido altos picos de crecimiento y decrecimiento abrupto y Chile ha sido m&aacute;s estable durante las dos &uacute;ltimas d&eacute;cadas y por lo tantos esas altas y bajas han influ&iacute;do en los intercambios econ&oacute;micos de nuestros pa&iacute;ses. Pero en estos momentos advertimos que hay proyectos de complementaci&oacute;n de empresas chilenas con argentinas e incluso hicimos en Mendoza una actividad con ProChile y ProMendoza que fue muy fruct&iacute;fera y a trav&eacute;s de la cual surgieron proyectos en el que podemos obtener beneficios ambos pa&iacute;ses&rdquo;.<\/p>\n<p><a href=\"https:\/\/www.mendoza.gov.ar\/prensa\/wp-content\/uploads\/sites\/23\/Cornejo-en-Vi%C3%B1a1.jpg\"><img loading=\"lazy\" class=\"alignnone wp-image-68594 img-responsive center-block\" src=\"https:\/\/www.mendoza.gov.ar\/prensa\/wp-content\/uploads\/sites\/23\/Cornejo-en-Vi%C3%B1a1.jpg\" alt=\"\" width=\"350\" height=\"197\"><\/a><\/p>\n<p><strong>Datos num&eacute;ricos del Paso Internacional<\/strong><\/p>\n<p>En el 2015 la cantidad de personas controladas en los Pasos Internacionales Horcones y Libertadores, y todo el sistema Cristo Redentor sumaron un total de 2.357.742 personas, sumados los ingresos y los egresos, lo que comparados al 2014 duplica la cifra. En 2014 se controlaron 1.820.559, lo que represent&oacute; un 23% de aumento.<\/p>\n<p>En el a&ntilde;o 2015 el Paso integrado registr&oacute; el cruce de 419.862 veh&iacute;culos particulares, 197.136 camiones, y &nbsp;4.533.117 toneladas de carga. De esta &uacute;ltima cifra se desprenden 3.391.101 toneledas que corresponden a Chile y 1.141.216 que son las salidas desde Chile. El promedio diario anual de camiones que cruzaron son 764 millones en 2014 y 814 en 2015 lo que equivale al 6,2% de aumento porcentual. Esto indica que Chile import&oacute; mucho m&aacute;s de lo que export&oacute; durante el a&ntilde;o pasado.<\/p>\n<p><strong>Tarea conjunta<\/strong><\/p>\n<p>&ldquo;Este intercambio no puede profundizarse sino resolvemos el tema del Paso entre Argentina y Chile. Por muchos a&ntilde;os el Paso los Libertadores continuar&aacute; siendo el principal, pese a la existencia de otros&nbsp;canales, han crecido nuestras econom&iacute;as, nuestra poblaci&oacute;n, nuestro comercio, pero la infraestructura se ha quedado atr&aacute;s respecto a ese crecimiento, sin dudas ese es el principal problema estructural&rdquo; afirm&oacute; el Gobernador.<\/p>\n<p>&ldquo;Chile ya tiene en ejecuci&oacute;n un proyecto de ampliaci&oacute;n de su infraestructura y va avanzando en buenos t&eacute;rminos, Argentina tambi&eacute;n tiene un proyecto de corto y mediano plazo en particular en la ruta 7. Esos proyectos de mejora van a dar resultados a futuro, mientras tanto soluciones sencillas, inteligentes y tecnol&oacute;gicas, nos permitir&aacute;n agilizar el paso, y sobre ello debemos enfocarnos&rdquo;, agreg&oacute; el mandatario provincial.<\/p>\n<p>Adem&aacute;s, el Gobernador asegur&oacute; que existe compromiso por parte de Mendoza para agilizar el sistema del paso internacional, &ldquo;s&eacute; que est&aacute;n trabajando en las distintas comisiones sobre ello, necesitamos compromisos efectivos que luego se cumplan, los servicios provinciales que aporta Mendoza son m&iacute;nimos en el paso, casi nulos; todo depende de oficinas nacionales. Estamos muy comprometidos desde Mendoza con este Paso, queremos que haya un mayor intercambio, a veces este favorece econ&oacute;micamente a un pa&iacute;s y otras veces a otro&rdquo;.<\/p>\n<p>Consultado sobre las fallas del Paso, Cornejo opin&oacute; que &ldquo;est&aacute;n en falta los servicios nacionales, que no dependen ni del intendente de Valpara&iacute;so, ni de m&iacute; que soy el Gobernador de Mendoza. Necesitamos que las oficinas de SAG, AFIP, Aduanas, Migraciones y dem&aacute;s armonicen los procedimientos y tengamos un sistema m&aacute;s r&aacute;pido que permita incrementar el comercio, la cultura, el turismo, el deporte, entre ambas regiones y pa&iacute;ses&rdquo;.<\/p>\n<p>&ldquo;Al Paso, lo&nbsp;queremos expedito, esto hace a la libertad y derechos de las personas y a nuestra cultura, ya son amigos los pueblos argentinos y chilenos, necesitamos que el que viajero disfrute del entorno y del paisaje tambi&eacute;n por el Paso Libertador. Nos gustar&iacute;a llevarnos de ac&aacute;, compromisos efectivos, como la cantidad de dotaci&oacute;n necesaria de aduana en el caso argentino, y la cantidad&nbsp;concreta de dotaci&oacute;n&nbsp;tecnol&oacute;gica en el caso del lado chileno, poner en marcha de forma exitosa a partir del 7 de noviembre el programa de agilizaci&oacute;n que entendemos que nos va dar resultados y va generar un cambio en el sistema. Si se cumple en la temporada alta de verano con la apertura permanente de 16 casillas, y con guardias superiores a las actuales en la noche, va ser m&aacute;s r&aacute;pido&rdquo;, afirm&oacute; Cornejo a modo de balance.<\/p>\n<p>A su vez, Alfredo Cornejo, expres&oacute; que &ldquo;necesitamos empezar a ver con otro concepto el Paso, que no es de temporada baja o alta, sino que es todo el a&ntilde;o temporada alta, salvo cuando cierra por condiciones clim&aacute;ticas, este colpaso de autos ha venido para quedarse y lejos de verlo como una dificultad debemos verlo como una oportunidad de mayor integraci&oacute;n entre nuestros pa&iacute;ses aunque sea comercial en la primera etapa, necesitamos mayor fluidez&rdquo;.<\/p>\n<p><a href=\"https:\/\/www.mendoza.gov.ar\/prensa\/wp-content\/uploads\/sites\/23\/Cornejo-en-Vi%C3%B1a2.jpg\"><img loading=\"lazy\" class=\"alignnone wp-image-68595 img-responsive center-block\" src=\"https:\/\/www.mendoza.gov.ar\/prensa\/wp-content\/uploads\/sites\/23\/Cornejo-en-Vi%C3%B1a2.jpg\" alt=\"\" width=\"350\" height=\"197\"><\/a><\/p>\n<p>Para finalizar, el Gobernador coment&oacute; ante el Comit&eacute; que: &ldquo;Nuestro &aacute;nimo, si bien no son servicios que administra la Provincia, son de cooperaci&oacute;n y entendimiento, pero creemos que lo podemos hacer mucho mejor, y que ambos pa&iacute;ses cumplen con protocolos y convenios que hemos firmado y lo que salga de aqu&iacute; podemos tener buenos servicios y &oacute;ptimos resultados para que tanto argentinos como chilenos, puedan aprovechar el Paso Cristo Redentor&rdquo;.<\/p>\n<p><strong>Trabajos complementarios<\/strong><\/p>\n<p>El&nbsp;intendente de Valpara&iacute;so, Gabriel Aldoney, afirm&oacute; que &ldquo;buscamos estar en mejores condiciones para el verano para prestar un servicio adecuado para turistas de ambos pa&iacute;ses, espero que de esta reuni&oacute;n saquemos conclusiones positivas, ya me he comprometido con el Gobernador a visitarlos para trabajar temas complementarios a este encuentro&rdquo;.<\/p>\n<p>Por su parte, el embajador de Chile,&nbsp;Jos&eacute; Antonio Viera Gallo, coment&oacute; que &ldquo;las relaciones binacionales son muy buenas, por ello tenemos mayor posibilidad de inversi&oacute;n, y de conquistar juntos nuevos mercados, ahora falta que se mueva el mundo empresarial de ambos lados de la cordillera y que los gobiernos inviertan m&aacute;s en infraestructura&rdquo;.<\/p>\n<p>Sobre el final, el embajador argentino en Chile, Jose Ooctavio Bord&oacute;n, asegur&oacute; que &ldquo;se ha avanzado en diversos canales de integraci&oacute;n, el Paso de Agua Negra, por San Juan a Coquimbo, que era un proyecto muy avanzado y que no contaba con definiciones y que sin embargo hemos logrado que ya cuente con la pre financiaci&oacute;n. Otro proyecto que estaba muy rezagado y olvidado era Las Le&ntilde;as que va a conectar a la regi&oacute;n de Valpara&iacute;so y San Antonio a los puertos a trav&eacute;s de O&acute;Higgins y el sur de Mendoza y que tambi&eacute;n ya ha sido puesto en marcha en tan s&oacute;lo 60 d&iacute;as&rdquo;.<\/p>\n<p>&nbsp;<\/p>\n<p>&nbsp;<\/p>\n<p>&nbsp;<\/p>\n<\/body><\/html>\n","protected":false},"excerpt":{"rendered":"El Gobernador particip\u00f3 del Comit\u00e9 de Integraci\u00f3n &#8220;Paso Sistema Cristo Redentor&#8221; en la ciudad de Vi\u00f1a del Mar. All\u00ed se  reuni\u00f3 con el intendente de Valpara\u00edso, Gabriel Aldoney, y los embajadores de ambos pa\u00edses. ","protected":false},"author":77,"featured_media":68580,"comment_status":"open","ping_status":"open","sticky":false,"template":"","format":"standard","meta":[],"categories":[19],"tags":[],"_links":{"self":[{"href":"https:\/\/www.mendoza.gov.ar\/prensa\/wp-json\/wp\/v2\/posts\/68569"}],"collection":[{"href":"https:\/\/www.mendoza.gov.ar\/prensa\/wp-json\/wp\/v2\/posts"}],"about":[{"href":"https:\/\/www.mendoza.gov.ar\/prensa\/wp-json\/wp\/v2\/types\/post"}],"author":[{"embeddable":true,"href":"https:\/\/www.mendoza.gov.ar\/prensa\/wp-json\/wp\/v2\/users\/77"}],"replies":[{"embeddable":true,"href":"https:\/\/www.mendoza.gov.ar\/prensa\/wp-json\/wp\/v2\/comments?post=68569"}],"version-history":[{"count":0,"href":"https:\/\/www.mendoza.gov.ar\/prensa\/wp-json\/wp\/v2\/posts\/68569\/revisions"}],"wp:featuredmedia":[{"embeddable":true,"href":"https:\/\/www.mendoza.gov.ar\/prensa\/wp-json\/wp\/v2\/media\/68580"}],"wp:attachment":[{"href":"https:\/\/www.mendoza.gov.ar\/prensa\/wp-json\/wp\/v2\/media?parent=68569"}],"wp:term":[{"taxonomy":"category","embeddable":true,"href":"https:\/\/www.mendoza.gov.ar\/prensa\/wp-json\/wp\/v2\/categories?post=68569"},{"taxonomy":"post_tag","embeddable":true,"href":"https:\/\/www.mendoza.gov.ar\/prensa\/wp-json\/wp\/v2\/tags?post=68569"}],"curies":[{"name":"wp","href":"https:\/\/api.w.org\/{rel}","templated":true}]}}