{"id":68604,"date":"2016-10-04T18:08:01","date_gmt":"2016-10-04T21:08:01","guid":{"rendered":"http:\/\/prensa.mendoza.gov.ar\/?p=68604"},"modified":"2016-10-04T18:08:01","modified_gmt":"2016-10-04T21:08:01","slug":"primera-cirugia-de-columna-en-el-fleming","status":"publish","type":"post","link":"https:\/\/www.mendoza.gov.ar\/prensa\/primera-cirugia-de-columna-en-el-fleming\/","title":{"rendered":"Primera cirug\u00eda de columna en el Fleming"},"content":{"rendered":"<!DOCTYPE html PUBLIC \"-\/\/W3C\/\/DTD HTML 4.0 Transitional\/\/EN\" \"http:\/\/www.w3.org\/TR\/REC-html40\/loose.dtd\">\n<html><body><p>Los m&eacute;dicos Carlos Cirilo y Pedro Royo, ambos traumat&oacute;logos-ortopedistas infantiles del Hospital Pedi&aacute;trico Alexander Fleming, realizaron una operaci&oacute;n de columna a un ni&ntilde;o de 14 a&ntilde;os que padec&iacute;a una severa cifosis de Scheuermann. Esta enfermedad degenerativa hace&nbsp;que el torso se encorve pronunciadamente,&nbsp;esta angulaci&oacute;n se vuelve r&iacute;gida y produce&nbsp;mucho dolor en la&nbsp;columna.<\/p>\n<p>Los profesionales a cargo, junto al personal de quir&oacute;fano y m&eacute;dicos especialistas de la Obra Social de Empleados P&uacute;blicois (OSEP), realizaron la intervenci&oacute;n y manifestaron estar muy conformes con los resultados logrados.<\/p>\n<p>El paciente se&nbsp;recupera&nbsp;en terapia intensiva pedi&aacute;trica para un mejor control y manejo del dolor postoperatorio. En unos tres d&iacute;as podr&aacute; irse a su casa.<\/p>\n<p>El m&eacute;dico Pedro Royo manifest&oacute;: &ldquo;Es muy necesaria la intervenci&oacute;n quir&uacute;rgica a tiempo. La cirug&iacute;a consisti&oacute; en realizar una liberaci&oacute;n posterior hasta llegar a la columna vertebral y donde se colocaron unos tornillos con dos barras para fijar el sistema de la columna vertebral y darle as&iacute; una mejor postura y calidad de vida a nuestro afiliado&rdquo;.<\/p>\n<p>Este consultorio trabaja normalmente en consultas que puedan ser posibles cirug&iacute;as, por lo cual ya se est&aacute; preparando el equipo para la pr&oacute;xima intervenci&oacute;n, programada para noviembre,. Se trata de un paciente con escoliosis idiop&aacute;tica.<\/p>\n<p>Quienes necesiten una consulta con este equipo deben sacar turno de&nbsp;forma personal en los consultorios del Hunuc Huar, en Chile 768 de Ciudad, donde se solicitar&aacute; la derivaci&oacute;n m&eacute;dica del pediatra de cabecera.<\/p>\n<\/body><\/html>\n","protected":false},"excerpt":{"rendered":"Desde la inauguraci\u00f3n del consultorio especial para la atenci\u00f3n de ni\u00f1os con alg\u00fan tipo de patolog\u00eda de columna, en junio de este a\u00f1o, por primera vez se llev\u00f3 a cabo una cirug\u00eda, en este caso a un afiliado de 14 a\u00f1os.","protected":false},"author":68,"featured_media":68632,"comment_status":"open","ping_status":"open","sticky":false,"template":"","format":"standard","meta":[],"categories":[30],"tags":[],"_links":{"self":[{"href":"https:\/\/www.mendoza.gov.ar\/prensa\/wp-json\/wp\/v2\/posts\/68604"}],"collection":[{"href":"https:\/\/www.mendoza.gov.ar\/prensa\/wp-json\/wp\/v2\/posts"}],"about":[{"href":"https:\/\/www.mendoza.gov.ar\/prensa\/wp-json\/wp\/v2\/types\/post"}],"author":[{"embeddable":true,"href":"https:\/\/www.mendoza.gov.ar\/prensa\/wp-json\/wp\/v2\/users\/68"}],"replies":[{"embeddable":true,"href":"https:\/\/www.mendoza.gov.ar\/prensa\/wp-json\/wp\/v2\/comments?post=68604"}],"version-history":[{"count":0,"href":"https:\/\/www.mendoza.gov.ar\/prensa\/wp-json\/wp\/v2\/posts\/68604\/revisions"}],"wp:featuredmedia":[{"embeddable":true,"href":"https:\/\/www.mendoza.gov.ar\/prensa\/wp-json\/wp\/v2\/media\/68632"}],"wp:attachment":[{"href":"https:\/\/www.mendoza.gov.ar\/prensa\/wp-json\/wp\/v2\/media?parent=68604"}],"wp:term":[{"taxonomy":"category","embeddable":true,"href":"https:\/\/www.mendoza.gov.ar\/prensa\/wp-json\/wp\/v2\/categories?post=68604"},{"taxonomy":"post_tag","embeddable":true,"href":"https:\/\/www.mendoza.gov.ar\/prensa\/wp-json\/wp\/v2\/tags?post=68604"}],"curies":[{"name":"wp","href":"https:\/\/api.w.org\/{rel}","templated":true}]}}