{"id":68701,"date":"2016-10-05T14:41:30","date_gmt":"2016-10-05T17:41:30","guid":{"rendered":"http:\/\/prensa.mendoza.gov.ar\/?p=68701"},"modified":"2016-10-05T14:41:30","modified_gmt":"2016-10-05T17:41:30","slug":"cornejo-firmo-un-acuerdo-con-la-nacion-por-la-deuda-de-la-interconexion-comahue-cuyo","status":"publish","type":"post","link":"https:\/\/www.mendoza.gov.ar\/prensa\/cornejo-firmo-un-acuerdo-con-la-nacion-por-la-deuda-de-la-interconexion-comahue-cuyo\/","title":{"rendered":"Cornejo firm\u00f3 acuerdo con la Naci\u00f3n por la deuda de la interconexi\u00f3n Comahue-Cuyo"},"content":{"rendered":"<!DOCTYPE html PUBLIC \"-\/\/W3C\/\/DTD HTML 4.0 Transitional\/\/EN\" \"http:\/\/www.w3.org\/TR\/REC-html40\/loose.dtd\">\n<html><body><p>&ldquo;Estamos en el Consejo Federal de Energ&iacute;a El&eacute;ctrica firmando un acta acuerdo para que Mendoza salde la deuda que tiene desde hace muchos a&ntilde;os con el sistema el&eacute;ctrico y poder as&iacute; comenzar a recibir el financiamiento que ten&iacute;amos restringido para nuevas obras de energ&iacute;a el&eacute;ctrica&rdquo;, detall&oacute; el Gobernador Alfredo Cornejo luego de firmar un convenio con el Comit&eacute; de Administraci&oacute;n del Fondo Fiduciario para el Transporte El&eacute;ctrico Federal (CAF). Formaliz&oacute; as&iacute; el plan de financiamiento, de un total original de $145 millones para&nbsp;la obra el&eacute;ctrica Comahue-Cuyo.<\/p>\n<p>&ldquo;Es un convenio que deber&iacute;amos de haber firmado hace mucho tiempo, y en el &aacute;nimo de normalizar este pa&iacute;s y desde luego normalizar institucionalmente nuestra provincia, queremos comprometernos en nuestras obligaciones para poder exigir nuestros derechos tambi&eacute;n&rdquo;, agreg&oacute; el mandatario. Explic&oacute; adem&aacute;s que, gracias a este acuerdo, &ldquo;el consejo nos va a financiar proyectos chicos, fundamentalmente rurales, algunos urbanos, que necesitamos para ampliar redes o cambiar redes viejas que nos permitir&aacute; tener un mejor sistema el&eacute;ctrico&rdquo;.<\/p>\n<p>Estuvieron el secretario de Servicios P&uacute;blicos, Sergio Marinelli; el presidente del CAF y secretario de Energ&iacute;a de la Naci&oacute;n, Alejandro Sruoga; los vocales Norberto Martino y Juan Carlos Salavia, y el representante por Mendoza ante el Consejo Federal de Energ&iacute;a El&eacute;ctrica, Alejandro Neme, quien estuvo a cargo de las negociaciones que se realizaron en Buenos Aires.<\/p>\n<p>&ldquo;La Provincia hab&iacute;a comprometido $145 millones en su momento de una obra que ten&iacute;a una cifra superior. Obviamente, ha pasado mucho tiempo y los montos son diferentes.&nbsp;Lo que Mendoza va a recomponer, en cuanto sus pagos, desde fin de a&ntilde;o, es un peque&ntilde;o porcentaje que est&aacute; contemplado en la tarifa, mientras que la provincia recibe $3 millones por mes de los fondos FEDEI (Fondo de Desarrollo El&eacute;ctrico Interior), que al a&ntilde;o son $40 millones&rdquo;, indic&oacute; Marinelli.<\/p>\n<p>El funcionario sostuvo que &ldquo;este dinero ser&aacute; volcado en un plan de obra integral a trav&eacute;s de un convenio con las cooperativas el&eacute;ctricas&rdquo;. Asimismo, aclar&oacute;: &ldquo;Estas no son las obras que ellos est&aacute;n comprometidos a realizar en sus respectivos contratos de concesi&oacute;n para mantener la calidad en el sistema, estas son obras aparte, para ampliaci&oacute;n y mejoras&rdquo;.<\/p>\n<p><strong>Los beneficios del acuerdo<\/strong><\/p>\n<p>El nuevo plazo que se logr&oacute; es de 72 cuotas mensuales, con una tasa fija en pesos del 14,5% anual sobre saldos, para refinanciar casi $67 millones, mientras se mantienen liberados ingresos por FEDEI por alrededor de 45 millones anuales, que ser&aacute;n destinados al desarrollo el&eacute;ctrico del interior, lo que permitir&aacute; el avance en mejoras para la poblaci&oacute;n mendocina.<\/p>\n<p>La cancelaci&oacute;n de esta deuda le traer&aacute; a Mendoza importantes beneficios, ya que estar&aacute; cumpliendo con un compromiso que hab&iacute;a asumido, y cuyo incumplimiento le produjo la ausencia de obras por parte del Fondo Fiduciario, que en los &uacute;ltimos a&ntilde;os financi&oacute; trabajos en otras 19 provincias. Esto le permitir&aacute; a la Provincia&nbsp;reinsertarse adecuadamente en el lugar que le corresponde en el Consejo Federal. Adem&aacute;s, se podr&aacute;n ejecutar obras por cuenta propia, con la recuperaci&oacute;n de los FEDEI, y tambi&eacute;n canjear los derechos financieros que, por este acuerdo, culminar&aacute; de pagar, por obras de infraestructura en alta tensi&oacute;n que la provincia requiere para su desarrollo econ&oacute;mico y seguridad energ&eacute;tica.<\/p>\n<p><strong>El origen de la deuda&nbsp;<\/strong><\/p>\n<p>Esta deuda tiene origen en la obligaci&oacute;n asumida por Mendoza hace m&aacute;s de 10 a&ntilde;os, cuando ofert&oacute; en firme aportar $145 millones en condici&oacute;n de anticipo financiero. Para ello,&nbsp;incluso se sancion&oacute; la Ley 7500, luego ratificada por la Ley 8530. Sin embargo, el aporte no se realiz&oacute;,&nbsp;por distintas circunstancias, en tanto que la obra se construy&oacute; entre 2009 y 2011.<\/p>\n<p>A ra&iacute;z del incumplimiento, a partir de la puesta en servicio en 2011 de la obra, se retuvieron a Mendoza sus cuotas partes del Fondo de Desarrollo El&eacute;ctrico Interior (FEDEI), y fueron transferidas al fideicomiso a cuenta de la deuda impaga.<\/p>\n<p>A partir de la actual administraci&oacute;n se obtuvo la suspensi&oacute;n de las retenciones, desde enero de 2016, y se reanudaron&nbsp;negociaciones a efectos de llegar a un acuerdo para determinar capital e intereses ya pagados v&iacute;a retenciones del FEDEI y, consecuentemente, capital remanente a financiar.<\/p>\n<\/body><\/html>\n","protected":false},"excerpt":{"rendered":"Se trata de las obligaciones asumidas por la Provincia hace m\u00e1s de 10 a\u00f1os, cuando ofert\u00f3 en firme aportar $145 millones como anticipo financiero para la construcci\u00f3n de la obra que se concluy\u00f3 en 2011. Sin embargo, el pago no hab\u00eda sido realizado hasta el momento.","protected":false},"author":76,"featured_media":68718,"comment_status":"open","ping_status":"open","sticky":false,"template":"","format":"standard","meta":[],"categories":[19],"tags":[],"_links":{"self":[{"href":"https:\/\/www.mendoza.gov.ar\/prensa\/wp-json\/wp\/v2\/posts\/68701"}],"collection":[{"href":"https:\/\/www.mendoza.gov.ar\/prensa\/wp-json\/wp\/v2\/posts"}],"about":[{"href":"https:\/\/www.mendoza.gov.ar\/prensa\/wp-json\/wp\/v2\/types\/post"}],"author":[{"embeddable":true,"href":"https:\/\/www.mendoza.gov.ar\/prensa\/wp-json\/wp\/v2\/users\/76"}],"replies":[{"embeddable":true,"href":"https:\/\/www.mendoza.gov.ar\/prensa\/wp-json\/wp\/v2\/comments?post=68701"}],"version-history":[{"count":0,"href":"https:\/\/www.mendoza.gov.ar\/prensa\/wp-json\/wp\/v2\/posts\/68701\/revisions"}],"wp:featuredmedia":[{"embeddable":true,"href":"https:\/\/www.mendoza.gov.ar\/prensa\/wp-json\/wp\/v2\/media\/68718"}],"wp:attachment":[{"href":"https:\/\/www.mendoza.gov.ar\/prensa\/wp-json\/wp\/v2\/media?parent=68701"}],"wp:term":[{"taxonomy":"category","embeddable":true,"href":"https:\/\/www.mendoza.gov.ar\/prensa\/wp-json\/wp\/v2\/categories?post=68701"},{"taxonomy":"post_tag","embeddable":true,"href":"https:\/\/www.mendoza.gov.ar\/prensa\/wp-json\/wp\/v2\/tags?post=68701"}],"curies":[{"name":"wp","href":"https:\/\/api.w.org\/{rel}","templated":true}]}}