{"id":68822,"date":"2016-10-06T14:50:51","date_gmt":"2016-10-06T17:50:51","guid":{"rendered":"http:\/\/prensa.mendoza.gov.ar\/?p=68822"},"modified":"2016-10-06T14:50:51","modified_gmt":"2016-10-06T17:50:51","slug":"ambiente-participo-de-la-reunion-del-comite-nacional-de-montana","status":"publish","type":"post","link":"https:\/\/www.mendoza.gov.ar\/prensa\/ambiente-participo-de-la-reunion-del-comite-nacional-de-montana\/","title":{"rendered":"Ambiente particip\u00f3 de la reuni\u00f3n del Comit\u00e9 Nacional de Monta\u00f1a"},"content":{"rendered":"<!DOCTYPE html PUBLIC \"-\/\/W3C\/\/DTD HTML 4.0 Transitional\/\/EN\" \"http:\/\/www.w3.org\/TR\/REC-html40\/loose.dtd\">\n<html><body><p>El Comit&eacute; Nacional de Monta&ntilde;a realiz&oacute; su reuni&oacute;n n&uacute;mero 77 en la ciudad de San Rafael. Durante el encuentro se realizaron distintas presentaciones: el proyecto PREMER (Proyecto de Energ&iacute;as Renovables en Mercados Rurales) del Ministerio de Energ&iacute;a y Miner&iacute;a de Naci&oacute;n, y &nbsp;el inventario de glaciares por parte de&nbsp; Instituto Argentino de Nivolog&iacute;a, Glaciolog&iacute;a y Ciencias Ambientales del CONICET.<\/p>\n<p>En este marco, tambi&eacute;n se desarroll&oacute;&nbsp;un taller para la conformaci&oacute;n del Comit&eacute; Provincial de Monta&ntilde;a que tendr&aacute; el apoyo &nbsp;la Secretar&iacute;a de Ambiente y Ordenamiento Territorial.<\/p>\n<p>Participaron de estas jornadas, instituciones como Gendarmer&iacute;a Nacional, Ejercito Argentino, Instituto Nacional de Tecnolog&iacute;a Agropecuaria, Servicio Geol&oacute;gico Minero Argentino, Ministerio de Ambiente y Desarrollo Sustentable de Naci&oacute;n, Ministerio de Educaci&oacute;n de Naci&oacute;n, representantes de la Secretar&iacute;a de Ambiente y Ordenamiento Territorial de la provincia y representantes de la Administraci&oacute;n de Parques Nacionales.<\/p>\n<\/body><\/html>\n","protected":false},"excerpt":{"rendered":"Fue en San Rafael. Se present\u00f3 el Proyecto de Energ\u00edas Renovables en Mercados Rurales y el inventario de glaciares, y se realiz\u00f3 un taller para la conformaci\u00f3n de un Comit\u00e9 de Monta\u00f1a a nivel local. ","protected":false},"author":63,"featured_media":68823,"comment_status":"open","ping_status":"open","sticky":false,"template":"","format":"standard","meta":[],"categories":[3],"tags":[],"_links":{"self":[{"href":"https:\/\/www.mendoza.gov.ar\/prensa\/wp-json\/wp\/v2\/posts\/68822"}],"collection":[{"href":"https:\/\/www.mendoza.gov.ar\/prensa\/wp-json\/wp\/v2\/posts"}],"about":[{"href":"https:\/\/www.mendoza.gov.ar\/prensa\/wp-json\/wp\/v2\/types\/post"}],"author":[{"embeddable":true,"href":"https:\/\/www.mendoza.gov.ar\/prensa\/wp-json\/wp\/v2\/users\/63"}],"replies":[{"embeddable":true,"href":"https:\/\/www.mendoza.gov.ar\/prensa\/wp-json\/wp\/v2\/comments?post=68822"}],"version-history":[{"count":0,"href":"https:\/\/www.mendoza.gov.ar\/prensa\/wp-json\/wp\/v2\/posts\/68822\/revisions"}],"wp:featuredmedia":[{"embeddable":true,"href":"https:\/\/www.mendoza.gov.ar\/prensa\/wp-json\/wp\/v2\/media\/68823"}],"wp:attachment":[{"href":"https:\/\/www.mendoza.gov.ar\/prensa\/wp-json\/wp\/v2\/media?parent=68822"}],"wp:term":[{"taxonomy":"category","embeddable":true,"href":"https:\/\/www.mendoza.gov.ar\/prensa\/wp-json\/wp\/v2\/categories?post=68822"},{"taxonomy":"post_tag","embeddable":true,"href":"https:\/\/www.mendoza.gov.ar\/prensa\/wp-json\/wp\/v2\/tags?post=68822"}],"curies":[{"name":"wp","href":"https:\/\/api.w.org\/{rel}","templated":true}]}}