{"id":68968,"date":"2016-10-09T11:48:11","date_gmt":"2016-10-09T14:48:11","guid":{"rendered":"http:\/\/prensa.mendoza.gov.ar\/?p=68968"},"modified":"2016-10-09T11:48:11","modified_gmt":"2016-10-09T14:48:11","slug":"domingo-preparaciones-con-esparragos-y-frutillas-en-las-clases-de-cocina","status":"publish","type":"post","link":"https:\/\/www.mendoza.gov.ar\/prensa\/domingo-preparaciones-con-esparragos-y-frutillas-en-las-clases-de-cocina\/","title":{"rendered":"Preparaciones con esp\u00e1rragos y frutillas en las clases de cocina"},"content":{"rendered":"<!DOCTYPE html PUBLIC \"-\/\/W3C\/\/DTD HTML 4.0 Transitional\/\/EN\" \"http:\/\/www.w3.org\/TR\/REC-html40\/loose.dtd\">\n<html><body><p>&ldquo;Vengo desde hace tres a&ntilde;os a las clases de cocina y son muy interesantes, porque adem&aacute;s de cocinar nos explican las propiedades de los ingredientes y nos dan tips para que las preparaciones queden m&aacute;s ricas&rdquo;, precis&oacute;&nbsp; Silvia de Fern&aacute;ndez. La mujer&nbsp;asisti&oacute; junto a su hermana a la clase de cocina organizada por&nbsp; el programa 365 Tentaciones, dependiente del&nbsp; Ministerio de&nbsp; Econom&iacute;a y la Direcci&oacute;n General de Escuelas .<\/p>\n<p>&ldquo;Me avisaron unos amigos y vine con mi esposa al Walmart de Benegas, disfrutamos de la actividad y de paso, aprovechamos para hacer unas compras&rdquo;, se&ntilde;al&oacute; por su parte Pedro Mariani.<\/p>\n<p>&ldquo;Estoy muy contenta porque se reiniciaron las clases p&uacute;blicas. Los profes y alumnos trabajan muy bien y nos ense&ntilde;an variadas preparaciones con hortalizas y frutas&rdquo;, destac&oacute;&nbsp; Helena Mart&iacute;nez, concurrente&nbsp; habitual al ciclo 365.<\/p>\n<p><strong>Esp&aacute;rragos y frutillas<\/strong><\/p>\n<p>Aprovechando los productos de estaci&oacute;n, se elaboraron distintos platos, ensaladas frescas de esp&aacute;rragos, tarteletas de ricota y esp&aacute;rragos y milhojas de frutillas. Docentes y alumnos del Centro de Capacitaci&oacute;n para el Trabajo de El Carrizal elaboraron las preparaciones,&nbsp;mostraron el terminado y se efectu&oacute; una degustaci&oacute;n.<\/p>\n<p>Porciones de las milhojas de frutillas llegaron hasta&nbsp; los clientes que hac&iacute;an cola para pagar sus compras. Una sorpresa agradable que adem&aacute;s posibilit&oacute; hacerles conocer los alcances de &ldquo;365&rdquo;, programa que lleva ya&nbsp; siete&nbsp; a&ntilde;os de creaci&oacute;n.<\/p>\n<p>Las rifas fueron el &uacute;ltimo atractivo. Se sortearon paquetes de regalo con frutas y verduras variadas y porciones de los distintos platos.<\/p>\n<p><strong>Pr&oacute;ximas clases<\/strong><\/p>\n<p>Los pr&oacute;ximos encuentros ser&aacute;n el viernes 14, a las 12, en el Mercado de la Terminal. Se preparar&aacute;n tartas y tortas para agasajar a las madres&nbsp;en su d&iacute;a. Para el viernes 21, a la misma hora, muchas hortalizas presentes, pionono de espinaca, esp&aacute;rragos gratinados, terrina de zanahoria y un postre en base a bananas y nueces.<\/p>\n<\/body><\/html>\n","protected":false},"excerpt":{"rendered":"Con un p\u00fablico que se ha ido consolidando en los siete a\u00f1os que lleva el programa &#8220;356 Tentaciones&#8221;, se desarroll\u00f3 un nuevo encuentro en el hipermercado Walmart de Benegas. El viernes 14 ser\u00e1 la pr\u00f3xima cita.","protected":false},"author":68,"featured_media":69018,"comment_status":"open","ping_status":"open","sticky":false,"template":"","format":"standard","meta":[],"categories":[1],"tags":[],"_links":{"self":[{"href":"https:\/\/www.mendoza.gov.ar\/prensa\/wp-json\/wp\/v2\/posts\/68968"}],"collection":[{"href":"https:\/\/www.mendoza.gov.ar\/prensa\/wp-json\/wp\/v2\/posts"}],"about":[{"href":"https:\/\/www.mendoza.gov.ar\/prensa\/wp-json\/wp\/v2\/types\/post"}],"author":[{"embeddable":true,"href":"https:\/\/www.mendoza.gov.ar\/prensa\/wp-json\/wp\/v2\/users\/68"}],"replies":[{"embeddable":true,"href":"https:\/\/www.mendoza.gov.ar\/prensa\/wp-json\/wp\/v2\/comments?post=68968"}],"version-history":[{"count":0,"href":"https:\/\/www.mendoza.gov.ar\/prensa\/wp-json\/wp\/v2\/posts\/68968\/revisions"}],"wp:featuredmedia":[{"embeddable":true,"href":"https:\/\/www.mendoza.gov.ar\/prensa\/wp-json\/wp\/v2\/media\/69018"}],"wp:attachment":[{"href":"https:\/\/www.mendoza.gov.ar\/prensa\/wp-json\/wp\/v2\/media?parent=68968"}],"wp:term":[{"taxonomy":"category","embeddable":true,"href":"https:\/\/www.mendoza.gov.ar\/prensa\/wp-json\/wp\/v2\/categories?post=68968"},{"taxonomy":"post_tag","embeddable":true,"href":"https:\/\/www.mendoza.gov.ar\/prensa\/wp-json\/wp\/v2\/tags?post=68968"}],"curies":[{"name":"wp","href":"https:\/\/api.w.org\/{rel}","templated":true}]}}