{"id":69131,"date":"2016-10-11T12:41:04","date_gmt":"2016-10-11T15:41:04","guid":{"rendered":"http:\/\/prensa.mendoza.gov.ar\/?p=69131"},"modified":"2016-10-11T12:41:04","modified_gmt":"2016-10-11T15:41:04","slug":"dia-mundial-de-la-artritis-reumatoidea-en-osep","status":"publish","type":"post","link":"https:\/\/www.mendoza.gov.ar\/prensa\/dia-mundial-de-la-artritis-reumatoidea-en-osep\/","title":{"rendered":"D\u00eda Mundial de la Artritis Reumatoidea en OSEP"},"content":{"rendered":"<!DOCTYPE html PUBLIC \"-\/\/W3C\/\/DTD HTML 4.0 Transitional\/\/EN\" \"http:\/\/www.w3.org\/TR\/REC-html40\/loose.dtd\">\n<html><body><div id=\"m_-608990580800065268yiv0127315309yui_3_16_0_1_1476198122986_4462\">Desde 1996, la Organizaci&oacute;n Mundial de la Salud instituy&oacute; esta fecha con el fin de mejorar el conocimiento sobre la artritis y desarrollar medidas p&uacute;blicas que puedan reducir la carga que representan la artritis y las enfermedades musculoesquel&eacute;ticas. Esta enfermedad en particular afecta a entre 1 y 1,5 % de la poblaci&oacute;n del planeta.<\/div>\n<div id=\"m_-608990580800065268yiv0127315309yui_3_16_0_1_1476198122986_4511\"><br id=\"m_-608990580800065268yiv0127315309yui_3_16_0_1_1476198122986_4475\">En la Obra Social de Empleados P&uacute;blicos (OSEP), el servicio de Reumatolog&iacute;a, ma&ntilde;ana mi&eacute;rcoles, desde las 11, colocar&aacute; un local&nbsp;en el hall del Hospital del Carmen. Junto a los profesionales del &aacute;rea estar&aacute;n asesorando a afiliados y personal con folleter&iacute;a referida a la prevenci&oacute;n y tratamiento de la enfermedad.<\/div>\n<div id=\"m_-608990580800065268yiv0127315309yui_3_16_0_1_1476198122986_4513\"><\/div>\n<div id=\"m_-608990580800065268yiv0127315309yui_3_16_0_1_1476198122986_4476\"><strong id=\"m_-608990580800065268yiv0127315309yui_3_16_0_1_1476198122986_4477\">&iquest;De qu&eacute; se trata la artritis reumatoidea?<\/strong><\/div>\n<div id=\"m_-608990580800065268yiv0127315309yui_3_16_0_1_1476198122986_4514\"><br id=\"m_-608990580800065268yiv0127315309yui_3_16_0_1_1476198122986_4478\">Es una enfermedad inflamatoria cr&oacute;nica, autoinmune y de causa desconocida que afecta a las articulaciones y a otros &oacute;rganos. Si no es tratada a tiempo, produce destrucci&oacute;n articular, discapacidad f&iacute;sica y alteraci&oacute;n de la calidad de vida.<\/div>\n<div id=\"m_-608990580800065268yiv0127315309yui_3_16_0_1_1476198122986_4523\"><br id=\"m_-608990580800065268yiv0127315309yui_3_16_0_1_1476198122986_4481\">No es hereditaria, sin embargo, los familiares de personas con artritis reumatoidea pueden ser susceptibles de padecerla porque se han identificado algunos genes que pueden predisponerla.<\/div>\n<div id=\"m_-608990580800065268yiv0127315309yui_3_16_0_1_1476198122986_4524\"><br id=\"m_-608990580800065268yiv0127315309yui_3_16_0_1_1476198122986_4482\">Afecta m&aacute;s a las mujeres que a los hombres, entre 20 y 50 a&ntilde;os, aunque no es exclusiva de edad y sexo.<\/div>\n<div id=\"m_-608990580800065268yiv0127315309yui_3_16_0_1_1476198122986_4526\"><\/div>\n<div id=\"m_-608990580800065268yiv0127315309yui_3_16_0_1_1476198122986_4483\"><strong id=\"m_-608990580800065268yiv0127315309yui_3_16_0_1_1476198122986_4484\">S&iacute;ntomas<\/strong><\/div>\n<div id=\"m_-608990580800065268yiv0127315309yui_3_16_0_1_1476198122986_4527\"><br id=\"m_-608990580800065268yiv0127315309yui_3_16_0_1_1476198122986_4485\">Los signos de alerta m&aacute;s comunes son :<\/div>\n<ul id=\"m_-608990580800065268yiv0127315309yui_3_16_0_1_1476198122986_4486\">\n<li id=\"m_-608990580800065268yiv0127315309yui_3_16_0_1_1476198122986_4487\">Dolor e hinchaz&oacute;n principalmente en manos y pies. Tambi&eacute;n puede afectar otras articulaciones como rodillas, tobillos y codos.<\/li>\n<li id=\"m_-608990580800065268yiv0127315309yui_3_16_0_1_1476198122986_4488\">Rigidez articular por la <span id=\"m_-608990580800065268yiv0127315309yui_3_16_0_1_1476198122986_4489\">ma&ntilde;ana<\/span>.<\/li>\n<li id=\"m_-608990580800065268yiv0127315309yui_3_16_0_1_1476198122986_4490\">En ocasiones, cansancio marcado y fiebre.<\/li>\n<li id=\"m_-608990580800065268yiv0127315309yui_3_16_0_1_1476198122986_4491\">El cuadro es persistente y progresivo.&nbsp;&nbsp;&nbsp;&nbsp;&nbsp; &nbsp;&nbsp;&nbsp;&nbsp;&nbsp;&nbsp;&nbsp;&nbsp;&nbsp;&nbsp;&nbsp;&nbsp;&nbsp;&nbsp;&nbsp;&nbsp;&nbsp;&nbsp;&nbsp;&nbsp;&nbsp;&nbsp;&nbsp;&nbsp;&nbsp;&nbsp;&nbsp;&nbsp;&nbsp;&nbsp;&nbsp;&nbsp;&nbsp;&nbsp;&nbsp;&nbsp;&nbsp;&nbsp;&nbsp;&nbsp;&nbsp;&nbsp;&nbsp;&nbsp;&nbsp;&nbsp;&nbsp;&nbsp;&nbsp;&nbsp;&nbsp;&nbsp;&nbsp;&nbsp;&nbsp;&nbsp;&nbsp;&nbsp;&nbsp;&nbsp;&nbsp;&nbsp;&nbsp;&nbsp;&nbsp;&nbsp;&nbsp;&nbsp;&nbsp;&nbsp;&nbsp;&nbsp;&nbsp;&nbsp;&nbsp;&nbsp;&nbsp;&nbsp;&nbsp;&nbsp;&nbsp;&nbsp;&nbsp;&nbsp;&nbsp;&nbsp;&nbsp;&nbsp;&nbsp;&nbsp;&nbsp;&nbsp;&nbsp;&nbsp;&nbsp;&nbsp;&nbsp;&nbsp;&nbsp;&nbsp;&nbsp;&nbsp;&nbsp;&nbsp;&nbsp;&nbsp;&nbsp;&nbsp;&nbsp;&nbsp;&nbsp;&nbsp;&nbsp;&nbsp;&nbsp;&nbsp;&nbsp;&nbsp;&nbsp;&nbsp;<\/li>\n<\/ul>\n<div id=\"m_-608990580800065268yiv0127315309yui_3_16_0_1_1476198122986_4492\">Ante la presencia de dolor, rigidez o hinchaz&oacute;n articular es importante consultar al reumat&oacute;logo, quien realizar&aacute; un examen cl&iacute;nico, estudios sangu&iacute;neos o ecogr&aacute;ficos para confirmar o no la presencia de artritis.<\/div>\n<div id=\"m_-608990580800065268yiv0127315309yui_3_16_0_1_1476198122986_4539\"><\/div>\n<div id=\"m_-608990580800065268yiv0127315309yui_3_16_0_1_1476198122986_4494\">OSEP tiene&nbsp;un servicio de Reumatolog&iacute;a con profesionales que realizan el diagn&oacute;stico, tratamiento y seguimiento del paciente.<\/div>\n<div id=\"m_-608990580800065268yiv0127315309yui_3_16_0_1_1476198122986_4541\"><br id=\"m_-608990580800065268yiv0127315309yui_3_16_0_1_1476198122986_4495\">Cuanto antes se realiza un diagn&oacute;stico, el pron&oacute;stico es mejor, porque con un tratamiento a tiempo se puede detener la inflamaci&oacute;n y el da&ntilde;o articular.<\/div>\n<div id=\"m_-608990580800065268yiv0127315309yui_3_16_0_1_1476198122986_4546\"><br id=\"m_-608990580800065268yiv0127315309yui_3_16_0_1_1476198122986_4496\">Para obtener un turno llamar al <span id=\"m_-608990580800065268yiv0127315309yui_3_16_0_1_1476198122986_4497\"><a id=\"m_-608990580800065268yiv0127315309yui_3_16_0_1_1476198122986_4498\" href=\"0810-810-1033\" target=\"_blank\" rel=\"nofollow\">0810-810-1033<\/a>,<\/span>&nbsp;opci&oacute;n 2.<\/div>\n<\/body><\/html>\n","protected":false},"excerpt":{"rendered":"El pr\u00f3ximo 12, se celebra el D\u00eda Mundial de la lucha contra la Artritis Reumatoidea. OSEP se hace eco de este d\u00eda y realizar\u00e1 una jornada de concientizaci\u00f3n en el Hospital del Carmen.","protected":false},"author":61,"featured_media":0,"comment_status":"open","ping_status":"open","sticky":false,"template":"","format":"standard","meta":[],"categories":[30],"tags":[],"_links":{"self":[{"href":"https:\/\/www.mendoza.gov.ar\/prensa\/wp-json\/wp\/v2\/posts\/69131"}],"collection":[{"href":"https:\/\/www.mendoza.gov.ar\/prensa\/wp-json\/wp\/v2\/posts"}],"about":[{"href":"https:\/\/www.mendoza.gov.ar\/prensa\/wp-json\/wp\/v2\/types\/post"}],"author":[{"embeddable":true,"href":"https:\/\/www.mendoza.gov.ar\/prensa\/wp-json\/wp\/v2\/users\/61"}],"replies":[{"embeddable":true,"href":"https:\/\/www.mendoza.gov.ar\/prensa\/wp-json\/wp\/v2\/comments?post=69131"}],"version-history":[{"count":0,"href":"https:\/\/www.mendoza.gov.ar\/prensa\/wp-json\/wp\/v2\/posts\/69131\/revisions"}],"wp:attachment":[{"href":"https:\/\/www.mendoza.gov.ar\/prensa\/wp-json\/wp\/v2\/media?parent=69131"}],"wp:term":[{"taxonomy":"category","embeddable":true,"href":"https:\/\/www.mendoza.gov.ar\/prensa\/wp-json\/wp\/v2\/categories?post=69131"},{"taxonomy":"post_tag","embeddable":true,"href":"https:\/\/www.mendoza.gov.ar\/prensa\/wp-json\/wp\/v2\/tags?post=69131"}],"curies":[{"name":"wp","href":"https:\/\/api.w.org\/{rel}","templated":true}]}}