{"id":69216,"date":"2016-10-12T10:08:27","date_gmt":"2016-10-12T13:08:27","guid":{"rendered":"http:\/\/prensa.mendoza.gov.ar\/?p=69216"},"modified":"2016-10-12T10:08:27","modified_gmt":"2016-10-12T13:08:27","slug":"osep-acompana-en-el-mes-de-la-mujer-rural","status":"publish","type":"post","link":"https:\/\/www.mendoza.gov.ar\/prensa\/osep-acompana-en-el-mes-de-la-mujer-rural\/","title":{"rendered":"OSEP acompa\u00f1a en el \u201cMes de la Mujer Rural\u201d"},"content":{"rendered":"<!DOCTYPE html PUBLIC \"-\/\/W3C\/\/DTD HTML 4.0 Transitional\/\/EN\" \"http:\/\/www.w3.org\/TR\/REC-html40\/loose.dtd\">\n<html><body><p>En Malarg&uuml;e, el Ministerio de Salud, Desarrollo Social y Deportes de la provincia junto a organismos de la Naci&oacute;n y a la Obra Social de Empleados P&uacute;blicos (OSEP) realizar&aacute;n controles y brindar&aacute;n informaci&oacute;n sobre las principales enfermedades&nbsp;que aquejan a la poblaci&oacute;n de la zona.<\/p>\n<p>La actividad se desarrolla con la llegada de cinco camiones sanitarios equipados para hacer controles ginecol&oacute;gicos, odontol&oacute;gicos, oftalmol&oacute;gicos, entre otros, para las mujeres malarg&uuml;inas.<\/p>\n<p>Los m&oacute;viles sanitarios est&aacute;n distribuidos entre el paraje Bardas Blancas y la plaza Independencia del barrio G&uuml;emes.<\/p>\n<p>OSEP acompa&ntilde;a esta campa&ntilde;a asesorando sobre sus programas preventivos, informaci&oacute;n y las formas de contactarse para obtener turno en el interior. Adem&aacute;s, aporta informaci&oacute;n necesaria para la inscripci&oacute;n y alcance del programa &ldquo;Nacer en OSEP&rdquo;, puesto en marcha recientemente y con llegada a todo el territorio de Mendoza.<\/p>\n<h5 id=\"m_-5364133058412125610yiv3679286701yui_3_16_0_ym19_1_1476274558329_3039\"><\/h5>\n<p>&nbsp;<\/p>\n<\/body><\/html>\n","protected":false},"excerpt":{"rendered":"Desde este martes 11 y hasta el viernes 14,\u00a0se llevar\u00e1 a cabo el plan \u201cMes de la Mujer Rural\u201d. Llega con atenci\u00f3n m\u00e9dica a todos los sectores de la poblaci\u00f3n, particularmente a las mujeres.","protected":false},"author":61,"featured_media":0,"comment_status":"open","ping_status":"open","sticky":false,"template":"","format":"standard","meta":[],"categories":[30],"tags":[],"_links":{"self":[{"href":"https:\/\/www.mendoza.gov.ar\/prensa\/wp-json\/wp\/v2\/posts\/69216"}],"collection":[{"href":"https:\/\/www.mendoza.gov.ar\/prensa\/wp-json\/wp\/v2\/posts"}],"about":[{"href":"https:\/\/www.mendoza.gov.ar\/prensa\/wp-json\/wp\/v2\/types\/post"}],"author":[{"embeddable":true,"href":"https:\/\/www.mendoza.gov.ar\/prensa\/wp-json\/wp\/v2\/users\/61"}],"replies":[{"embeddable":true,"href":"https:\/\/www.mendoza.gov.ar\/prensa\/wp-json\/wp\/v2\/comments?post=69216"}],"version-history":[{"count":0,"href":"https:\/\/www.mendoza.gov.ar\/prensa\/wp-json\/wp\/v2\/posts\/69216\/revisions"}],"wp:attachment":[{"href":"https:\/\/www.mendoza.gov.ar\/prensa\/wp-json\/wp\/v2\/media?parent=69216"}],"wp:term":[{"taxonomy":"category","embeddable":true,"href":"https:\/\/www.mendoza.gov.ar\/prensa\/wp-json\/wp\/v2\/categories?post=69216"},{"taxonomy":"post_tag","embeddable":true,"href":"https:\/\/www.mendoza.gov.ar\/prensa\/wp-json\/wp\/v2\/tags?post=69216"}],"curies":[{"name":"wp","href":"https:\/\/api.w.org\/{rel}","templated":true}]}}