{"id":69218,"date":"2016-10-12T10:14:24","date_gmt":"2016-10-12T13:14:24","guid":{"rendered":"http:\/\/prensa.mendoza.gov.ar\/?p=69218"},"modified":"2016-10-12T10:14:24","modified_gmt":"2016-10-12T13:14:24","slug":"el-sistema-de-lucha-antigranizo-afronto-otra-jornada-con-numerosas-tormentas","status":"publish","type":"post","link":"https:\/\/www.mendoza.gov.ar\/prensa\/el-sistema-de-lucha-antigranizo-afronto-otra-jornada-con-numerosas-tormentas\/","title":{"rendered":"El sistema de lucha antigranizo afront\u00f3 otra jornada con numerosas tormentas"},"content":{"rendered":"<!DOCTYPE html PUBLIC \"-\/\/W3C\/\/DTD HTML 4.0 Transitional\/\/EN\" \"http:\/\/www.w3.org\/TR\/REC-html40\/loose.dtd\">\n<html><body><p>Durante la jornada del mi&eacute;rcoles hubo&nbsp;muchas&nbsp;tormentas en la provincia. El foco de mayor intensidad se centr&oacute; en la zona Sur.<\/p>\n<p>El informe de tormenta indica que se verificaron 77 c&eacute;lulas, de las cuales 69 afectaron los departamentos de San Rafael y General Alvear.<\/p>\n<div id=\":2i8\" class=\"ii gt adP adO\">\n<div id=\":2gi\" class=\"a3s aXjCH m157b8ff47cf5d72f\">\n<div>\n<div>\n<div id=\"m_-7520949631591570881yui_3_16_0_ym19_1_1476273713645_32887\" class=\"m_-7520949631591570881yahoo_quoted\">\n<div id=\"m_-7520949631591570881yui_3_16_0_ym19_1_1476273713645_32886\">\n<div id=\"m_-7520949631591570881yui_3_16_0_ym19_1_1476273713645_32885\">\n<div id=\"m_-7520949631591570881yui_3_16_0_ym19_1_1476273713645_32908\" class=\"m_-7520949631591570881y_msg_container\">\n<div id=\"m_-7520949631591570881yiv3224057002\">\n<div id=\"m_-7520949631591570881yui_3_16_0_ym19_1_1476273713645_32910\" dir=\"ltr\">Debido a la magnitud del fen&oacute;meno, fueron necesarios 6 vuelos, 3 de siembra y 3 de patrulla. En total, se sembraron 5 c&eacute;lulas de tormenta con aviones, todas en la zona Sur. El trabajo comenz&oacute; a las 8 y concluy&oacute; cerca de la 23.30.Seg&uacute;n estas observaciones, en la zona Sur hubo lluvia fuerte y &nbsp;baja probabilidad de granizo peque&ntilde;o en &aacute;reas cultivadas de San Rafael (sector norte de Las Paredes, El Usillal) y General Alvear (sector sur de San Pedro del Atuel y Sur de Carmensa). La lluvia y el granizo tambi&eacute;n afectaron a la zona sin cultivar de estos departamentos.\n<p>En la zona Este, hubo lluvia fuerte y posible granizo peque&ntilde;o en &aacute;reas cultivadas de La Paz. En cuanto a la zona Centro, no hubo registro de c&eacute;lulas graniceras, por lo cual no se encendieron los generadores de superficie.<\/p>\n<\/div>\n<div dir=\"ltr\"><a href=\"https:\/\/www.mendoza.gov.ar\/prensa\/wp-content\/uploads\/sites\/23\/20161011-SAN-RAFAEL_Maxdbz_24hr.gif\"><img loading=\"lazy\" class=\"alignnone  wp-image-69220 img-responsive center-block\" src=\"https:\/\/www.mendoza.gov.ar\/prensa\/wp-content\/uploads\/sites\/23\/20161011-SAN-RAFAEL_Maxdbz_24hr.gif\" alt=\"\" width=\"688\" height=\"643\"><\/a><b id=\"m_-7520949631591570881yui_3_16_0_ym19_1_1476273713645_33939\">S&iacute;ntesis<br>\n<\/b><br>\nDel 1 al 10 de octubre, el Sistema de Lucha Antigranizo ya realiz&oacute; 22,40 horas de vuelo. Se observaron 243 c&eacute;lulas de tormentas, de las cuales se sembraron 15 y no se encendieron los generadores de superficie.\n<p>La s&iacute;ntesis del trabajo realizado en estos d&iacute;as se&ntilde;ala adem&aacute;s que hubo un evento con granizo en &nbsp;zonas cultivadas de General Alvear y un&nbsp;evento con granizo en zonas cultivadas de San Rafael.<\/p>\n<\/div>\n<\/div>\n<\/div>\n<div class=\"yj6qo\"><\/div>\n<\/div>\n<\/div>\n<\/div>\n<\/div>\n<\/div>\n<\/div>\n<\/div>\n<div id=\":2i5\" class=\"hq gt\"><\/div>\n<\/body><\/html>\n","protected":false},"excerpt":{"rendered":"Durante el mi\u00e9rcoles se observaron 77 c\u00e9lulas de tormentas, la mayor\u00eda sobre zonas cultivadas del Sur.","protected":false},"author":61,"featured_media":69219,"comment_status":"open","ping_status":"open","sticky":false,"template":"","format":"standard","meta":[],"categories":[1],"tags":[],"_links":{"self":[{"href":"https:\/\/www.mendoza.gov.ar\/prensa\/wp-json\/wp\/v2\/posts\/69218"}],"collection":[{"href":"https:\/\/www.mendoza.gov.ar\/prensa\/wp-json\/wp\/v2\/posts"}],"about":[{"href":"https:\/\/www.mendoza.gov.ar\/prensa\/wp-json\/wp\/v2\/types\/post"}],"author":[{"embeddable":true,"href":"https:\/\/www.mendoza.gov.ar\/prensa\/wp-json\/wp\/v2\/users\/61"}],"replies":[{"embeddable":true,"href":"https:\/\/www.mendoza.gov.ar\/prensa\/wp-json\/wp\/v2\/comments?post=69218"}],"version-history":[{"count":0,"href":"https:\/\/www.mendoza.gov.ar\/prensa\/wp-json\/wp\/v2\/posts\/69218\/revisions"}],"wp:featuredmedia":[{"embeddable":true,"href":"https:\/\/www.mendoza.gov.ar\/prensa\/wp-json\/wp\/v2\/media\/69219"}],"wp:attachment":[{"href":"https:\/\/www.mendoza.gov.ar\/prensa\/wp-json\/wp\/v2\/media?parent=69218"}],"wp:term":[{"taxonomy":"category","embeddable":true,"href":"https:\/\/www.mendoza.gov.ar\/prensa\/wp-json\/wp\/v2\/categories?post=69218"},{"taxonomy":"post_tag","embeddable":true,"href":"https:\/\/www.mendoza.gov.ar\/prensa\/wp-json\/wp\/v2\/tags?post=69218"}],"curies":[{"name":"wp","href":"https:\/\/api.w.org\/{rel}","templated":true}]}}