{"id":69272,"date":"2016-10-12T18:37:25","date_gmt":"2016-10-12T21:37:25","guid":{"rendered":"http:\/\/prensa.mendoza.gov.ar\/?p=69272"},"modified":"2016-10-12T18:37:25","modified_gmt":"2016-10-12T21:37:25","slug":"el-gobernador-participo-de-la-puesta-en-valor-del-arco-desaguadero","status":"publish","type":"post","link":"https:\/\/www.mendoza.gov.ar\/prensa\/el-gobernador-participo-de-la-puesta-en-valor-del-arco-desaguadero\/","title":{"rendered":"El Gobernador particip\u00f3 en la puesta en valor del Arco Desaguadero"},"content":{"rendered":"<!DOCTYPE html PUBLIC \"-\/\/W3C\/\/DTD HTML 4.0 Transitional\/\/EN\" \"http:\/\/www.w3.org\/TR\/REC-html40\/loose.dtd\">\n<html><body><p>A 80 a&ntilde;os de la construcci&oacute;n del Arco Desaguadero, el Gobierno provincial puso en valor el ic&oacute;nico ingreso a la provincia. &ldquo;La iniciativa contempla varias etapas y la primera de ellas es esta puesta en valor. El pr&oacute;ximo paso ser&aacute; el llamado a licitaci&oacute;n para iniciar&nbsp;la remodelaci&oacute;n del monumento. Para ello necesitamos que el sector privado se involucre en esta obra que brindar&aacute; mejores servicios a los pace&ntilde;os y a todos los viajeros&rdquo;, se&ntilde;al&oacute; el Gobernador Alfredo Cornejo.<\/p>\n<p>Acompa&ntilde;aron al mandatario el intendente de La Paz, Gustavo Pinto; el subsecretario de Infraestructura, Daniel Chicahuala, y por la Direcci&oacute;n de Patrimonio Cultural y Museos, organismo encargado de supervisar las acciones, el arquitecto Marcelo Nardechia.<\/p>\n<p>La decisi&oacute;n hab&iacute;a sido comunicada en febrero luego de una reuni&oacute;n de representantes&nbsp;del Ministerio de Econom&iacute;a, Infraestructura y Energ&iacute;a, del Ente Mendoza Turismo, de la Direcci&oacute;n de Patrimonio Cultural y Museos y del Municipio de La Paz. En el encuentro, se deline&oacute; el proyecto integral para realizar las refacciones del sistema de ingreso a la provincia de Mendoza e instalar&nbsp;los servicios de gas y cloaca para los habitantes del distrito Desaguadero.<\/p>\n<p>&ldquo;Los a&ntilde;os de falta de inversi&oacute;n han hecho estragos en algunos pueblos. Nos proponemos trabajar en aquellas obras en las que objetivamente vale la pena invertir. El Arco Desaguadero nos representa y debe ser el lugar de ingreso orgulloso de los mendocinos y por ello queremos concentrar muchos de los servicios all&iacute;, como los de seguridad, salud, educaci&oacute;n y realizar una obra integral, tal como nos lo planteamos con el intendente Gustavo Pinto&rdquo;, dijo Cornejo.<\/p>\n<p>Las obras tienen como prop&oacute;sito mejorar no s&oacute;lo el patrimonio cultural de Mendoza sino que adem&aacute;s persiguen optimizar las condiciones comerciales y econ&oacute;micas del Arco. &ldquo;Desaguadero se convertir&aacute; en un verdadero lugar de servicios, donde todos los que transiten por aqu&iacute; puedan disponer de &oacute;ptimas condiciones de circulaci&oacute;n&rdquo;, subray&oacute; el mandatario.<\/p>\n<p>Se estima que para principios del 2018,&nbsp;las obras, que superan los $50 millones, est&eacute;n concluidas. &ldquo;Esperamos estar en condiciones de&nbsp;realizar el llamado a licitaci&oacute;n antes de fin de a&ntilde;o. El proyecto demandar&aacute; alrededor de 12 meses de ejecuci&oacute;n, a partir de la fecha de contrataci&oacute;n, y generar&aacute; trabajo para 60 personas de&nbsp;forma directa y para 300 de&nbsp;forma indirecta&rdquo;, expres&oacute;.<\/p>\n<p>Agreg&oacute; que &ldquo;los trabajos ser&aacute;n complementarios a los que estamos proyectando con Vialidad Nacional, que es hacer la parte de doble v&iacute;a que falta y el desviar la circulaci&oacute;n de determinados veh&iacute;culos, lo que nos permitir&aacute; la agilizaci&oacute;n del ingreso a la provincia. Adem&aacute;s, est&aacute; prevista la construcci&oacute;n de un parador de camiones a unos 20 metros del Arco&rdquo;, explic&oacute; el Gobernador.<\/p>\n<p>Indic&oacute; que los trabajos fomentaran el crecimiento del sector privado en La Paz &ldquo;gracias al impulso del Gobierno provincial y municipal, que viene trabajando por el progreso de esta comuna&rdquo;, concluy&oacute; Cornejo.<\/p>\n<p><strong>Recorrida por la zona<\/strong><\/p>\n<p>&ldquo;Es un orgullo para los mendocinos que la escuela primaria Rub&eacute;n Dar&iacute;o haya pasado a la final nacional de la Feria de Ciencias. Hemos dado poca importancia a estas instancias en otros tiempos y queremos comenzar a revalorizarlas. Les agradezco a los docentes que lideraron este proyecto&rdquo;, destac&oacute; el Gobernador mientras recorr&iacute;a los alrededores del Arco Desaguadero.<\/p>\n<p>Adem&aacute;s de este colegio, a metros del monumento se encuentra el Centro de Salud N&deg;90, la escuela secundaria Aida Font, donde Cornejo jug&oacute; al ajedrez con los alumnos, y la escuela albergue del lugar.<\/p>\n<\/body><\/html>\n","protected":false},"excerpt":{"rendered":"Durante el acto anunci\u00f3 que la pr\u00f3xima etapa ser\u00e1 poner en marcha el proyecto integral de remodelaci\u00f3n del monumento. Adem\u00e1s, indic\u00f3 que las obras contemplan la instalaci\u00f3n de los servicios de gas y cloacas para los habitantes del lugar.","protected":false},"author":76,"featured_media":69311,"comment_status":"open","ping_status":"open","sticky":false,"template":"","format":"standard","meta":[],"categories":[19],"tags":[],"_links":{"self":[{"href":"https:\/\/www.mendoza.gov.ar\/prensa\/wp-json\/wp\/v2\/posts\/69272"}],"collection":[{"href":"https:\/\/www.mendoza.gov.ar\/prensa\/wp-json\/wp\/v2\/posts"}],"about":[{"href":"https:\/\/www.mendoza.gov.ar\/prensa\/wp-json\/wp\/v2\/types\/post"}],"author":[{"embeddable":true,"href":"https:\/\/www.mendoza.gov.ar\/prensa\/wp-json\/wp\/v2\/users\/76"}],"replies":[{"embeddable":true,"href":"https:\/\/www.mendoza.gov.ar\/prensa\/wp-json\/wp\/v2\/comments?post=69272"}],"version-history":[{"count":0,"href":"https:\/\/www.mendoza.gov.ar\/prensa\/wp-json\/wp\/v2\/posts\/69272\/revisions"}],"wp:featuredmedia":[{"embeddable":true,"href":"https:\/\/www.mendoza.gov.ar\/prensa\/wp-json\/wp\/v2\/media\/69311"}],"wp:attachment":[{"href":"https:\/\/www.mendoza.gov.ar\/prensa\/wp-json\/wp\/v2\/media?parent=69272"}],"wp:term":[{"taxonomy":"category","embeddable":true,"href":"https:\/\/www.mendoza.gov.ar\/prensa\/wp-json\/wp\/v2\/categories?post=69272"},{"taxonomy":"post_tag","embeddable":true,"href":"https:\/\/www.mendoza.gov.ar\/prensa\/wp-json\/wp\/v2\/tags?post=69272"}],"curies":[{"name":"wp","href":"https:\/\/api.w.org\/{rel}","templated":true}]}}