{"id":69290,"date":"2016-10-12T17:00:11","date_gmt":"2016-10-12T20:00:11","guid":{"rendered":"http:\/\/prensa.mendoza.gov.ar\/?p=69290"},"modified":"2016-10-12T17:00:11","modified_gmt":"2016-10-12T20:00:11","slug":"osep-comenzo-los-cursos-de-preparto","status":"publish","type":"post","link":"https:\/\/www.mendoza.gov.ar\/prensa\/osep-comenzo-los-cursos-de-preparto\/","title":{"rendered":"OSEP comenz\u00f3 los cursos de preparto"},"content":{"rendered":"<!DOCTYPE html PUBLIC \"-\/\/W3C\/\/DTD HTML 4.0 Transitional\/\/EN\" \"http:\/\/www.w3.org\/TR\/REC-html40\/loose.dtd\">\n<html><body><p>Unas 30 futuras mam&aacute;s se hicieron presentes en el SUM de calle Salta para dar inicio a un nuevo curso de preparaci&oacute;n para la maternidad del programa &ldquo;Nacer en OSEP&rdquo;.<\/p>\n<p>En los encuentros un equipo de profesionales asesora a las futuras mam&aacute;s. All&iacute; reciben toda la informaci&oacute;n necesaria sobre las etapas del embarazo, c&oacute;mo encarar el&nbsp; parto, la lactancia y los cuidados del reci&eacute;n nacido. Tambi&eacute;n realizan gimnasia preparto. El ciclo est&aacute; programado en 5 clases y se desarrolla todos los mi&eacute;rcoles, de 11 a 13, en el SUM I del edificio Xeltahuina, Salta 877 de Ciudad.<\/p>\n<p>El objetivo de estos talleres es que las futuras mam&aacute;s est&eacute;n preparadas para esta nueva etapa de su vida, se sientan seguras y puedan disfrutar de cada momento.<\/p>\n<p>Cabe destacar que la &uacute;ltima clase ser&aacute; el mi&eacute;rcoles 9 de noviembre y el 16 de ese mes se reiniciar&aacute; con un nuevo grupo de embarazadas. Para poder asistir, las interesadas&nbsp; pueden hacer su inscripci&oacute;n llamando al 0810-810-1033 opci&oacute;n 7.<\/p>\n<p><strong>Sede Malarg&uuml;e<\/strong><\/p>\n<p>La puesta en marcha del programa &ldquo;Nacer en OSEP&rdquo; dio lugar a que en todo el territorio de la provincia se est&eacute;n implementando los cursos preparto.<\/p>\n<p>En esta oportunidad la sede de Malarg&uuml;e inaugur&oacute; la primera clase a cargo de la licenciada en obstetricia Diana Pastor, y junto a 8 futuras mam&aacute;s continuar&aacute;n&nbsp; el Taller de Preparaci&oacute;n Integral para la Maternidad los pr&oacute;ximos mi&eacute;rcoles.<\/p>\n<p>Las afiliadas del sur que est&eacute;n interesadas deber&aacute;n acercarse a la sede en Avenida Julio A. Roca 277 esquina Emilio Civit e inscribirse en forma personal.<\/p>\n<\/body><\/html>\n","protected":false},"excerpt":{"rendered":"El nuevo \u201cTaller de Preparaci\u00f3n Integral para la Maternidad\u201d que se realiz\u00f3 en el edificio Xeltahuina de la obra social, convoc\u00f3 a un gran n\u00famero de madres. Paralelamente, arranc\u00f3 el primer curso en la sede de Malarg\u00fce.","protected":false},"author":63,"featured_media":0,"comment_status":"open","ping_status":"open","sticky":false,"template":"","format":"standard","meta":[],"categories":[30],"tags":[],"_links":{"self":[{"href":"https:\/\/www.mendoza.gov.ar\/prensa\/wp-json\/wp\/v2\/posts\/69290"}],"collection":[{"href":"https:\/\/www.mendoza.gov.ar\/prensa\/wp-json\/wp\/v2\/posts"}],"about":[{"href":"https:\/\/www.mendoza.gov.ar\/prensa\/wp-json\/wp\/v2\/types\/post"}],"author":[{"embeddable":true,"href":"https:\/\/www.mendoza.gov.ar\/prensa\/wp-json\/wp\/v2\/users\/63"}],"replies":[{"embeddable":true,"href":"https:\/\/www.mendoza.gov.ar\/prensa\/wp-json\/wp\/v2\/comments?post=69290"}],"version-history":[{"count":0,"href":"https:\/\/www.mendoza.gov.ar\/prensa\/wp-json\/wp\/v2\/posts\/69290\/revisions"}],"wp:attachment":[{"href":"https:\/\/www.mendoza.gov.ar\/prensa\/wp-json\/wp\/v2\/media?parent=69290"}],"wp:term":[{"taxonomy":"category","embeddable":true,"href":"https:\/\/www.mendoza.gov.ar\/prensa\/wp-json\/wp\/v2\/categories?post=69290"},{"taxonomy":"post_tag","embeddable":true,"href":"https:\/\/www.mendoza.gov.ar\/prensa\/wp-json\/wp\/v2\/tags?post=69290"}],"curies":[{"name":"wp","href":"https:\/\/api.w.org\/{rel}","templated":true}]}}