{"id":69453,"date":"2016-10-14T12:17:05","date_gmt":"2016-10-14T15:17:05","guid":{"rendered":"http:\/\/prensa.mendoza.gov.ar\/?p=69453"},"modified":"2016-10-14T12:17:05","modified_gmt":"2016-10-14T15:17:05","slug":"obra-cumplida-el-gobernador-inauguro-el-matadero-de-ganado-menor-de-alvear","status":"publish","type":"post","link":"https:\/\/www.mendoza.gov.ar\/prensa\/obra-cumplida-el-gobernador-inauguro-el-matadero-de-ganado-menor-de-alvear\/","title":{"rendered":"Obra cumplida: El Gobernador inaugur\u00f3 el Matadero de ganado menor de Alvear"},"content":{"rendered":"<!DOCTYPE html PUBLIC \"-\/\/W3C\/\/DTD HTML 4.0 Transitional\/\/EN\" \"http:\/\/www.w3.org\/TR\/REC-html40\/loose.dtd\">\n<html><body><p>El Gobernador Alfredo Cornejo inaugur&oacute; el Matadero de ganado menor de General Alvear, durante su discurso el mandatario record&oacute;: &ldquo;Una vez m&aacute;s estamos en este departamento, tras 10 meses de gesti&oacute;n, focalizados en hechos y no promesas&rdquo;.<\/p>\n<p>Asegur&oacute; que Mendoza invirti&oacute; varios millones para que se pudiera hacer realidad esta demanda hist&oacute;rica de los productores de ganado del sur provincial y remarc&oacute; la importancia del trabajo aunado entre lo p&uacute;blico y lo privado para lograr una exitosa administraci&oacute;n. &ldquo;El desaf&iacute;o es que sea un valor agregado para todos los involucrados&rdquo;.<\/p>\n<p>Esta obra cumplida, Alfredo Cornejo la sum&oacute; a los anuncios &nbsp;del 1 de mayo y &nbsp;la destac&oacute; durante su 1er discurso como Gobernador en la Fiesta de la&nbsp;Ganader&iacute;a donde dijo: &ldquo;Se ha&nbsp;dispuesto una partida presupuestaria, a trav&eacute;s del Ministerio de Econom&iacute;a, de $1.800.000 para la culminaci&oacute;n y puesta en marcha del matadero de ganado menor en este departamento&rdquo;.<\/p>\n<p>&ldquo;Que esta inversi&oacute;n estatal sirva para que no se monopolice la actividad y se mantenga lo m&aacute;s distribuida posible, sin romper la l&oacute;gica del mercado y la competencia y su funci&oacute;n sirva para la regulaci&oacute;n&rdquo;, finaliz&oacute; Cornejo.<\/p>\n<p>En tanto el intendente Walther Marcolini afirm&oacute;: &ldquo;Es un orgullo para mi poder estar ac&aacute;, cumpliendo un objetivo que tiene que ver con la producci&oacute;n, con la creaci&oacute;n de riqueza, con la generaci&oacute;n de empleo genuino, con el desarrollo de una actividad productiva que en el departamento hace un esfuerzo enorme por consolidarse, a&ntilde;o tras a&ntilde;o, que es la producci&oacute;n de ganado menor, especialmente la producci&oacute;n porcina&rdquo;.<\/p>\n<p>Asegur&oacute; que &ldquo;el matadero es una necesidad que tiene que ser, de ahora m&aacute;s, una herramienta puesta al servicio de la transformaci&oacute;n productiva y del eslabonamiento de la cadena de comercializaci&oacute;n que necesitamos para que nuestros productos tengan valor agregado y tiene mucho impacto sobre todo en materia de fletes, de costos medios, para que el sector tenga m&aacute;s competitividad&rdquo;.<\/p>\n<p>Para finalizar el mandatario comunal explic&oacute;: &ldquo;Sirve para que nuestros productores puedan mejorar la competitividad pero, sobre todo, que tengan calidad, seguridad alimentaria, para que haya el respaldo que otorga el estado a trav&eacute;s de una actividad que est&aacute; controlada, que de ahora en m&aacute;s est&aacute; llamada a crecer&rdquo;.<\/p>\n<p>Luego del acto el Gobernador, acompa&ntilde;ado por el intendente de General Alvear, &nbsp;entreg&oacute; indumentaria a los empleados del matadero, que comenzar&aacute;n una capacitaci&oacute;n de 15 d&iacute;as y recorri&oacute; las instalaciones del lugar, ubicado en Calle 7 entre Ruta Nacional 188 y Callej&oacute;n H.<\/p>\n<p><strong>La Obra<\/strong><\/p>\n<p>La inversi&oacute;n total alcanz&oacute; los $6 millones. La obra permite el agregado de valor a la producci&oacute;n, garantizar la calidad sanitaria de los productos, alcanzar mejores niveles de ganancia y como consecuencia mejorar la calidad de vida de las familias puesteras.<\/p>\n<p>El matadero permite faenar y conservar entre 60 y 70 animales diarios y emplea en forma directa a 16 personas, entre administrativos, peones, operarios y personal bromatol&oacute;gico.<\/p>\n<p>Las tareas en el establecimiento permitir&aacute;n adem&aacute;s, ahorrar costos log&iacute;sticos a los productores ya que se pueden faenar 60 cabezas por d&iacute;a y de esta forma evitar&aacute;n trasladar los animales a San Rafael o Rivadavia.<\/p>\n<p>Con el matadero se logra completar el ciclo productivo de los puesteros y se eliminan los intermediarios que operan en la cadena de comercializaci&oacute;n, impidiendo el desarrollo del sector y dificultando el acceso de los alimentos a la poblaci&oacute;n.<\/p>\n<p><strong>&nbsp;Reuni&oacute;n con Cooperativas de Alvear<\/strong><\/p>\n<p>Previo a la inauguraci&oacute;n del Matadero el Gobernador Alfredo Cornejo se acerc&oacute; a la reuni&oacute;n que mantuvo el intendente Walther Marcolini &nbsp;con representantes de las cooperativas de General Alvear en las instalaciones del Multiespacio Bodega Fara&oacute;n, con el fin de dialogar sobre el plan ejecutivo a llevarse adelante con las mismas.<\/p>\n<\/body><\/html>\n","protected":false},"excerpt":{"rendered":"Tal como lo anunci\u00f3 el 1 de mayo y record\u00f3 en la Fiesta de la Ganader\u00eda 2016, Cornejo visit\u00f3 la obra terminada, junto al intendente sure\u00f1o.","protected":false},"author":66,"featured_media":69537,"comment_status":"open","ping_status":"open","sticky":false,"template":"","format":"standard","meta":[],"categories":[19],"tags":[],"_links":{"self":[{"href":"https:\/\/www.mendoza.gov.ar\/prensa\/wp-json\/wp\/v2\/posts\/69453"}],"collection":[{"href":"https:\/\/www.mendoza.gov.ar\/prensa\/wp-json\/wp\/v2\/posts"}],"about":[{"href":"https:\/\/www.mendoza.gov.ar\/prensa\/wp-json\/wp\/v2\/types\/post"}],"author":[{"embeddable":true,"href":"https:\/\/www.mendoza.gov.ar\/prensa\/wp-json\/wp\/v2\/users\/66"}],"replies":[{"embeddable":true,"href":"https:\/\/www.mendoza.gov.ar\/prensa\/wp-json\/wp\/v2\/comments?post=69453"}],"version-history":[{"count":0,"href":"https:\/\/www.mendoza.gov.ar\/prensa\/wp-json\/wp\/v2\/posts\/69453\/revisions"}],"wp:featuredmedia":[{"embeddable":true,"href":"https:\/\/www.mendoza.gov.ar\/prensa\/wp-json\/wp\/v2\/media\/69537"}],"wp:attachment":[{"href":"https:\/\/www.mendoza.gov.ar\/prensa\/wp-json\/wp\/v2\/media?parent=69453"}],"wp:term":[{"taxonomy":"category","embeddable":true,"href":"https:\/\/www.mendoza.gov.ar\/prensa\/wp-json\/wp\/v2\/categories?post=69453"},{"taxonomy":"post_tag","embeddable":true,"href":"https:\/\/www.mendoza.gov.ar\/prensa\/wp-json\/wp\/v2\/tags?post=69453"}],"curies":[{"name":"wp","href":"https:\/\/api.w.org\/{rel}","templated":true}]}}