{"id":69517,"date":"2016-10-14T17:54:09","date_gmt":"2016-10-14T20:54:09","guid":{"rendered":"http:\/\/prensa.mendoza.gov.ar\/?p=69517"},"modified":"2016-10-14T17:54:09","modified_gmt":"2016-10-14T20:54:09","slug":"el-gobernador-participo-del-cierre-del-mes-de-la-mujer-rural-en-malargue","status":"publish","type":"post","link":"https:\/\/www.mendoza.gov.ar\/prensa\/el-gobernador-participo-del-cierre-del-mes-de-la-mujer-rural-en-malargue\/","title":{"rendered":"El Gobernador particip\u00f3 del cierre del &#8220;Mes de la Mujer Rural&#8221; de Malarg\u00fce"},"content":{"rendered":"<!DOCTYPE html PUBLIC \"-\/\/W3C\/\/DTD HTML 4.0 Transitional\/\/EN\" \"http:\/\/www.w3.org\/TR\/REC-html40\/loose.dtd\">\n<html><body><p>En Malarg&uuml;e se realiz&oacute; el cierre de las actividades de la comuna del &ldquo;Mes de la Mujer Rural&rdquo;, con la presencia del Gobernador Alfredo Cornejo. &ldquo;Estamos orgullosos de este programa y debemos seguir trabajando&rdquo;, remarc&oacute; el mandatario.<\/p>\n<p>&ldquo;Que este programa tenga tanto &eacute;xito es que exist&iacute;a una gran demanda, que este programa tenga tanta adhesi&oacute;n nos tienen que llamar la atenci&oacute;n y nos tiene que llamar a la reflexi&oacute;n que no estamos funcionando bien en las funciones cl&aacute;sicas del estado&rdquo; destac&oacute; que desde el Estado: &ldquo;Nos proponemos ser pr&aacute;cticos y vamos a complementar el sector privado con una gran infraestructura como es el hospital optimiz&aacute;ndola&rdquo;.<\/p>\n<p>Record&oacute; que el 15 de octubre es el d&iacute;a de la Mujer Rural &ldquo;y desde el IDR, junto a Lucia Panocchia &ndash; su esposa, quien lo acompa&ntilde;&oacute; a este evento-&nbsp; est&aacute;n trabajando en el Mes de la Mujer Rural y buscamos concientizar a ra&iacute;z de esto&rdquo;.<\/p>\n<p>La consigna inicial es promover el reconocimiento de los derechos de las mujeres rurales en el marco de un proyecto de desarrollo rural con perspectiva de g&eacute;nero.<\/p>\n<p>Los servicios se ofrecen desde los m&oacute;viles sanitarios, equipados para realizar controles ginecol&oacute;gicos, odontol&oacute;gicos, oftalmol&oacute;gicos; adem&aacute;s, profesionales de los distintos equipos de abordaje, ofrecen asesoramiento sobre lactancia, chagas, hidatidosis, violencia de g&eacute;nero y alcoholismo, trabajo rural, legislaci&oacute;n y temas de salud laboral, entre otros temas. En la oportunidad&nbsp;&nbsp;tambi&eacute;n se realiz&oacute; la entrega de lentes del programa territorial de equidad socio sanitaria.<\/p>\n<p>Si bien las actividades en Malarg&uuml;e culminaron con esta actividad, el programa a&uacute;n continua vigente. Luego del Valle de Uco continuar&aacute;n en La Paz y el cierre del mes ser&aacute; en Santa Rosa.<\/p>\n<p><strong>Portezuelo del Viento<\/strong><\/p>\n<p>&ldquo;El Presidente &nbsp;nos dijo que es una prioridad y est&aacute; listo, ya lo entregamos y est&aacute; todo listo, falta firmar un&nbsp; nuevo convenio para que la naci&oacute;n haga la licitaci&oacute;n, para que sea la naci&oacute;n la que regule&rdquo;, asegur&oacute; Cornejo.<\/p>\n<p>Portezuelo significa muchos empleos directos en la primera etapa, llegando a cerca de 3 mil empleos en una segunda etapa.<\/p>\n<p>La inversi&oacute;n es el motor del desarrollo en el capitalismo y despu&eacute;s depende de que el Estado haga bien las cosas para aplicar las regulaciones y que estas sean inteligentes, esa es la tarea que tenemos para adelante<\/p>\n<p><strong>Vale<\/strong><\/p>\n<p>&ldquo;Vale es una opci&oacute;n en miner&iacute;a y les hemos hecho firmar un acuerdo, donde ellos plantean la recuperaci&oacute;n de lo invertido, esto es algo que no podemos afrontar entonces les propusimos la exclusividad de las negociaciones con Brasil (su pa&iacute;s de origen), siempre y cuando la empresa vuelva a funcionar en Mendoza&rdquo;, dijo el Gobernador.<\/p>\n<p><strong>Gasoducto el Port&oacute;n Malarg&uuml;e <\/strong><\/p>\n<p>El gasoducto sale &nbsp;U$S 500 millones, &ldquo;YPF tiene comprometido U$S 350 millones, los U$S 150 millones restante los pondr&iacute;a la provincia pero buscamos que la Naci&oacute;n tambi&eacute;n intervenga. Esto permitir&iacute;a que las empresas se conecten a ese gasoducto y dejemos de perder el gas canaliz&aacute;ndolo, con lo que crecer&iacute;amos mucho en regal&iacute;as y producci&oacute;n&rdquo;, manifest&oacute; el mandatario.<\/p>\n<p>Adem&aacute;s Cornejo habl&oacute; de un proyecto que servir&iacute;a de paliativo en tanto se realiza el gasoducto y explic&oacute;: &ldquo;El Gobierno Nacional est&aacute; tratando de mitigar los problemas de energ&iacute;a, hoy en d&iacute;a compramos a otros pa&iacute;ses y eso es grave. Uno de los primeros proyectos de U$S 100 millones, con EMESA y lo hemos ganado con 4 socios inversionistas, donde la&nbsp; provincia no pone plata, este proyecto contempla tomar el gas que se pierde en boca de pozo envasarlo y poder transportarlo a distintos lugares, como Malarg&uuml;e&rdquo;.<\/p>\n<p>Malarg&uuml;e tiene una gran potencialidad tur&iacute;sticas con lugares como Las le&ntilde;as, pero para eso hay que mejorar los accesos por esto es que anunci&oacute; que &ldquo;el mes que viene se va a firmar el convenio para hacer el bacheo de la Ruta 222, en un trabajo conjunto entre Provincia y Municipalidad&rdquo;.<\/p>\n<p><strong>Seguridad<\/strong><\/p>\n<p>&ldquo;La Justicia tiene que ver mucho en la Seguridad,&nbsp; este tema para mi es prioridad, no se puede combatir la inseguridad solo con la polic&iacute;a, tiene que participar la justicia. Esto significa que la justicia tiene que ser m&aacute;s expedita y tiene que trasnformar su accionar, desde hace a&ntilde;os la persona que espera ser juzgada por un delito lo hace en la calle. La propuesta es que deba esperar en presi&oacute;n hasta el momento del juicio. Y este es parte del criterio que tuve para elegir el procurador general&rdquo;, dijo Cornejo .<\/p>\n<\/body><\/html>\n","protected":false},"excerpt":{"rendered":"Fue con gran despliegue de servicios sanitarios. Adem\u00e1s se realiz\u00f3 la entrega de lentes del programa territorial de equidad socio sanitaria. En conferencia de prensa Cornejo habl\u00f3 de miner\u00eda, el gasoducto, Portezuelo del Viento, la Ruta 222 y seguridad.","protected":false},"author":66,"featured_media":69544,"comment_status":"open","ping_status":"open","sticky":false,"template":"","format":"standard","meta":[],"categories":[19],"tags":[],"_links":{"self":[{"href":"https:\/\/www.mendoza.gov.ar\/prensa\/wp-json\/wp\/v2\/posts\/69517"}],"collection":[{"href":"https:\/\/www.mendoza.gov.ar\/prensa\/wp-json\/wp\/v2\/posts"}],"about":[{"href":"https:\/\/www.mendoza.gov.ar\/prensa\/wp-json\/wp\/v2\/types\/post"}],"author":[{"embeddable":true,"href":"https:\/\/www.mendoza.gov.ar\/prensa\/wp-json\/wp\/v2\/users\/66"}],"replies":[{"embeddable":true,"href":"https:\/\/www.mendoza.gov.ar\/prensa\/wp-json\/wp\/v2\/comments?post=69517"}],"version-history":[{"count":0,"href":"https:\/\/www.mendoza.gov.ar\/prensa\/wp-json\/wp\/v2\/posts\/69517\/revisions"}],"wp:featuredmedia":[{"embeddable":true,"href":"https:\/\/www.mendoza.gov.ar\/prensa\/wp-json\/wp\/v2\/media\/69544"}],"wp:attachment":[{"href":"https:\/\/www.mendoza.gov.ar\/prensa\/wp-json\/wp\/v2\/media?parent=69517"}],"wp:term":[{"taxonomy":"category","embeddable":true,"href":"https:\/\/www.mendoza.gov.ar\/prensa\/wp-json\/wp\/v2\/categories?post=69517"},{"taxonomy":"post_tag","embeddable":true,"href":"https:\/\/www.mendoza.gov.ar\/prensa\/wp-json\/wp\/v2\/tags?post=69517"}],"curies":[{"name":"wp","href":"https:\/\/api.w.org\/{rel}","templated":true}]}}