{"id":69565,"date":"2016-10-14T20:35:10","date_gmt":"2016-10-14T23:35:10","guid":{"rendered":"http:\/\/prensa.mendoza.gov.ar\/?p=69565"},"modified":"2016-10-14T20:35:10","modified_gmt":"2016-10-14T23:35:10","slug":"michetti-y-cornejo-anunciaron-las-obras-del-plan-nacional-de-habitat","status":"publish","type":"post","link":"https:\/\/www.mendoza.gov.ar\/prensa\/michetti-y-cornejo-anunciaron-las-obras-del-plan-nacional-de-habitat\/","title":{"rendered":"Michetti y Cornejo anunciaron las obras del Plan Nacional de H\u00e1bitat"},"content":{"rendered":"<!DOCTYPE html PUBLIC \"-\/\/W3C\/\/DTD HTML 4.0 Transitional\/\/EN\" \"http:\/\/www.w3.org\/TR\/REC-html40\/loose.dtd\">\n<html><body><p>La vicepresidente de la Naci&oacute;n, Gabriela Michetti, el Gobernador Alfredo Cornejo, y el intendente de la Ciudad de Mendoza, Rodolfo Su&aacute;rez, realizaron importantes anuncios relacionados a las obras del Plan Nacional de H&aacute;bitat (ex PROMEBA) adem&aacute;s de la urbanizaci&oacute;n de los barrios Olivares y Flores Oeste, ubicados al Oeste de la Ciudad, y los trabajos de infraestructura que se realizar&aacute;n en el barrio La Favorita.<\/p>\n<p>&ldquo;Estamos resolviendo problemas hist&oacute;ricos de Mendoza y deudas sociales hist&oacute;ricas de la Ciudad de Mendoza. Estos barrios son producto de la lucha de ustedes, que quisieron progresar y de un intendente como Rodolfo Su&aacute;rez que tiene sensibilidad por esta tarea&rdquo;, expres&oacute; Cornejo.<\/p>\n<p>&ldquo;Si bien los trabajos se han realizado junto a los t&eacute;cnicos del Instituto Provincial de la Vivienda (IPV), que han elaborado los proyectos junto con la Direcci&oacute;n de Vivienda, Su&aacute;rez ha peleado por priorizar estas obras en el Plan de H&aacute;bitat y en cada una de las negociaciones que hemos mantenido con el Gobierno nacional&rdquo;, explic&oacute; el mandatario.<\/p>\n<p>&ldquo;Tenemos un Gobierno provincial que viene a organizar y a ordenar el desastre que hab&iacute;a con anterioridad y tenemos un Gobierno municipal que no s&oacute;lo invierte en el centro sino que tambi&eacute;n invierte en los barrios del Oeste&rdquo;, concluy&oacute;.<\/p>\n<p>La Vicepresidenta indic&oacute; que &ldquo;el Plan H&aacute;bitat va a disponer de alrededor de $1400 millones en esta primera etapa en Mendoza y les llegar&aacute; a 9500 familias. Es un programa concreto que lleva el agua potable, las cloacas, las cunetas, el asfalto, el polideportivo, la cancha de f&uacute;tbol, la plaza, el n&uacute;cleo donde vamos a hacer actividades de desarrollo econ&oacute;mico, de capacitaci&oacute;n para entrenarnos, para educarnos, actividades culturales, entre otras. Esta es la maravilla de la pol&iacute;tica cuando se hace bien&rdquo;.<\/p>\n<p>Michetti resalt&oacute;: &ldquo;Lo que vale la pena cuando uno se dedica a la pol&iacute;tica y a la funci&oacute;n p&uacute;blica es solucionar problemas y es hacer lo que hay que hacer para que los impuestos que paga la gente vuelvan a los ciudadanos en obras y en servicios. Si no hay corrupci&oacute;n, desidia e incapacidad lo que hay es la posibilidad de sacar adelante un pa&iacute;s que tiene enormes posibilidades para todos los que viven en esta Naci&oacute;n. Eso es lo que estamos haciendo&rdquo;.<\/p>\n<p>Adem&aacute;s de autoridades nacionales, provinciales y municipales, el acto que se realiz&oacute; en la plaza Aliar del barrio La Favorita cont&oacute; con la presencia de la subsecretaria de H&aacute;bitat e Inclusi&oacute;n de la Naci&oacute;n Marina Klemensiewicz; del secretario de Vivienda de la Naci&oacute;n, Domingo Amaya; del presidente del Instituto Provincial de la Vivienda, Dami&aacute;n Salamone, y del decano de la Universidad Nacional de Cuyo, Daniel Pizzi.<\/p>\n<p><strong>Las obras en Capital<\/strong><\/p>\n<p>&ldquo;Hemos saldado una deuda hist&oacute;rica con estos barrios que han esperado durante a&ntilde;os cumplir con este sue&ntilde;o que hoy empezamos a concretar gracias al trabajo que han realizado Municipio, Gobierno, Naci&oacute;n, el Instituto Provincial de la Vivienda pero sobre todo gracias al trabajo de ustedes&rdquo;, dijo Rodolfo Su&aacute;rez dirigi&eacute;ndose a los vecinos de la zona.<\/p>\n<p>&ldquo;Cerca de 700 familias y m&aacute;s de 8 barrios se ver&aacute;n beneficiados con esta obra que contempla los servicios de luz, gas, electricidad, infraestructura urban&iacute;stica y agua. Le agradezco al Gobernador que pusiera a disposici&oacute;n de este proyecto a AYSAM para poder realizar la obra&rdquo;, subray&oacute; Suarez quien tambi&eacute;n le agradeci&oacute; al decano de la Universidad Nacional de Cuyo (UNCuyo), Daniel Pizzi, ya que &ldquo;los terrenos del barrio Flores fueron donados por la UNCuyo para poder avanzar con este proceso tan esperado por m&aacute;s de 50 a&ntilde;os por los vecinos&rdquo;.<\/p>\n<p>Las obras de infraestructura que se realizar&aacute;n en La Favorita son muy importantes para los vecinos de los barrios que integran el conglomerado ya que comienzan a regularizar la situaci&oacute;n respecto de sus viviendas. Con estas obras, la Ciudad contin&uacute;a con la pol&iacute;tica de renovaci&oacute;n urbana que lleva adelante el intendente Su&aacute;rez.<\/p>\n<p>Con respecto a los barrios Flores Oeste y Olivares la urbanizaci&oacute;n mejorar&aacute; la situaci&oacute;n de las m&aacute;s de 400 familias que all&iacute; viven. La obra incluye la realizaci&oacute;n de cloacas, la formalizaci&oacute;n de los servicios de agua y luz adem&aacute;s del trazado que ordenar&aacute; los barrios haciendo posibles los futuros avances. Cabe destacar que este proceso fue posibilitado por el Gobierno Provincial y la Universidad Nacional de Cuyo quienes donaron los terrenos para poder avanzar con este proceso.<\/p>\n<p><strong>Mes del H&aacute;bitat<\/strong><\/p>\n<p>Los anuncios que hoy se realizaron se enmarcan dentro de los festejos por el mes del H&aacute;bitat. La conmemoraci&oacute;n del &ldquo;D&iacute;a del h&aacute;bitat, los ecosistemas y el ordenamiento territorial&rdquo; promueve la conciencia p&uacute;blica sobre el estado de las ciudades y espacios de vida humana, adem&aacute;s de la importancia de la responsabilidad colectiva con el territorio y su manejo ordenado.<\/p>\n<p>Se valora la importancia de desarrollar miradas integradas y complejas sobre el territorio provincial y la posibilidad de contar con recursos suficientes, que viabilizados en proyectos concretos (PROMEBA, HABITAT) contribuyen al mejoramiento de la vida de los ciudadanos mendocinos.<\/p>\n<p>Es de destacar, el valor que adquiere la gesti&oacute;n asociada entre Estado (Nacional, Municipal, Provincial) con las Organizaciones de la Sociedad Civil (OSC) y los mendocinos en la articulaci&oacute;n de esfuerzos, recursos y responsabilidades para garantizar el efectivo acceso al derecho a servicios imprescindibles, infraestructura y equipamiento comunitario (NIDO &ndash; N&uacute;cleo de Integraci&oacute;n y Desarrollo de Oportunidades- , plazas, playones deportivos) y las posibilidades&nbsp; de Proyectos de Desarrollo Humano Integral, para mejorar la calidad de vida de los ciudadanos.<\/p>\n<p>Contar con espacios concretos que habiliten la participaci&oacute;n ciudadana en territorios degradados, potencia el ejercicio de derechos ciudadanos y procura el crecimiento de comunidades comprometidas en su propio desarrollo.<\/p>\n<\/body><\/html>\n","protected":false},"excerpt":{"rendered":"Los proyectos abarcan tareas de urbanizaci\u00f3n en los barrios Olivares y Flores Oeste, de la Capital, y de Infraestructura en La Favorita. Adem\u00e1s est\u00e1n contemplados, en una primera etapa, trabajos de urbanizaci\u00f3n, servicios, saneamiento e infraestructura para los departamentos Rivadavia, Santa Rosa, La Paz y Malarg\u00fce.","protected":false},"author":68,"featured_media":69568,"comment_status":"open","ping_status":"open","sticky":false,"template":"","format":"standard","meta":[],"categories":[19],"tags":[],"_links":{"self":[{"href":"https:\/\/www.mendoza.gov.ar\/prensa\/wp-json\/wp\/v2\/posts\/69565"}],"collection":[{"href":"https:\/\/www.mendoza.gov.ar\/prensa\/wp-json\/wp\/v2\/posts"}],"about":[{"href":"https:\/\/www.mendoza.gov.ar\/prensa\/wp-json\/wp\/v2\/types\/post"}],"author":[{"embeddable":true,"href":"https:\/\/www.mendoza.gov.ar\/prensa\/wp-json\/wp\/v2\/users\/68"}],"replies":[{"embeddable":true,"href":"https:\/\/www.mendoza.gov.ar\/prensa\/wp-json\/wp\/v2\/comments?post=69565"}],"version-history":[{"count":0,"href":"https:\/\/www.mendoza.gov.ar\/prensa\/wp-json\/wp\/v2\/posts\/69565\/revisions"}],"wp:featuredmedia":[{"embeddable":true,"href":"https:\/\/www.mendoza.gov.ar\/prensa\/wp-json\/wp\/v2\/media\/69568"}],"wp:attachment":[{"href":"https:\/\/www.mendoza.gov.ar\/prensa\/wp-json\/wp\/v2\/media?parent=69565"}],"wp:term":[{"taxonomy":"category","embeddable":true,"href":"https:\/\/www.mendoza.gov.ar\/prensa\/wp-json\/wp\/v2\/categories?post=69565"},{"taxonomy":"post_tag","embeddable":true,"href":"https:\/\/www.mendoza.gov.ar\/prensa\/wp-json\/wp\/v2\/tags?post=69565"}],"curies":[{"name":"wp","href":"https:\/\/api.w.org\/{rel}","templated":true}]}}