{"id":69598,"date":"2016-10-16T01:51:46","date_gmt":"2016-10-16T04:51:46","guid":{"rendered":"http:\/\/prensa.mendoza.gov.ar\/?p=69598"},"modified":"2016-10-16T01:51:46","modified_gmt":"2016-10-16T04:51:46","slug":"ambiente-apuesta-a-los-procesos-de-reinsercion-de-animales-autoctonos-en-el-ecosistema","status":"publish","type":"post","link":"https:\/\/www.mendoza.gov.ar\/prensa\/ambiente-apuesta-a-los-procesos-de-reinsercion-de-animales-autoctonos-en-el-ecosistema\/","title":{"rendered":"Ambiente apuesta a los procesos de reinserci\u00f3n de animales aut\u00f3ctonos en el ecosistema"},"content":{"rendered":"<!DOCTYPE html PUBLIC \"-\/\/W3C\/\/DTD HTML 4.0 Transitional\/\/EN\" \"http:\/\/www.w3.org\/TR\/REC-html40\/loose.dtd\">\n<html><body><p>El Departamento de Fauna Silvestre, de la Direcci&oacute;n de Recursos Naturales Renovables, junto a la Fundaci&oacute;n Cullunche, complet&oacute; la primera etapa &nbsp;de la rehabilitaci&oacute;n de un ejemplar de &aacute;guila coronada hembra proveniente del Ex Zool&oacute;gico Municipal de San Rafael.<\/p>\n<p>Para finalizar el proceso y realizar los estudios sanitarios y cl&iacute;nicos espec&iacute;ficos del animal, la Secretar&iacute;a de Ambiente y Ordenamiento Territorial,&nbsp; decidi&oacute; enviar al ejemplar al Programa de Conservaci&oacute;n y Rescate de Aves Rapaces que funciona en Buenos Aires. Este programa se dedica a la rehabilitaci&oacute;n de aves rapaces desde hace 18 a&ntilde;os y ha trabajado &nbsp;con cerca de 700 individuos, de 25 especies diferentes. Trabaja con el &aacute;guila coronada desde 2003. Es la instituci&oacute;n que m&aacute;s aves rehabilita y libera en su h&aacute;bitat en todo el mundo.<\/p>\n<p>La experiencia marca un hito importante en la conservaci&oacute;n de la especie al permitir que la provincia de Mendoza se involucre de lleno en un proceso nacional que lleva varios a&ntilde;os de&nbsp; esfuerzos. El programa contribuye de manera significativa a mantener la variabilidad gen&eacute;tica de la especie, y los trabajos que se realizan tras la liberaci&oacute;n y pueden ayudar a conocer m&aacute;s a la especie.<\/p>\n<p>El &aacute;guila coronada es una de las rapaces m&aacute;s grandes que habitan la Argentina y se distribuye ampliamente en el centro y norte de nuestro pa&iacute;s; sur de Brasil, este de Bolivia y Paraguay. A pesar de esto, la especie se encuentra en&nbsp; densidades poblacionales muy bajas, y su n&uacute;mero, a nivel global, no ser&iacute;a superior a los mil individuos.<\/p>\n<p>Adem&aacute;s, por ser un predador tope, la especie no es capaz de recuperarse r&aacute;pidamente de la p&eacute;rdida de individuos, ya que tiene una muy baja tasa de natalidad, criando por norma general un pich&oacute;n cada dos a&ntilde;os.<\/p>\n<p>Finalmente, el trabajo de difusi&oacute;n asociado ayudar&aacute; no s&oacute;lo al &aacute;guila coronada como individuo y especie, sino que contribuir&aacute; a que la poblaci&oacute;n argentina tome conciencia sobre la importancia &nbsp;de la conservaci&oacute;n de nuestra fauna en conjunto.<\/p>\n<\/body><\/html>\n","protected":false},"excerpt":{"rendered":"Con la colaboraci\u00f3n de distintas instituciones, contin\u00faa el proceso de rehabilitaci\u00f3n de un \u00e1guila coronada, especie en peligro de extinci\u00f3n. ","protected":false},"author":63,"featured_media":69600,"comment_status":"open","ping_status":"open","sticky":false,"template":"","format":"standard","meta":[],"categories":[3],"tags":[],"_links":{"self":[{"href":"https:\/\/www.mendoza.gov.ar\/prensa\/wp-json\/wp\/v2\/posts\/69598"}],"collection":[{"href":"https:\/\/www.mendoza.gov.ar\/prensa\/wp-json\/wp\/v2\/posts"}],"about":[{"href":"https:\/\/www.mendoza.gov.ar\/prensa\/wp-json\/wp\/v2\/types\/post"}],"author":[{"embeddable":true,"href":"https:\/\/www.mendoza.gov.ar\/prensa\/wp-json\/wp\/v2\/users\/63"}],"replies":[{"embeddable":true,"href":"https:\/\/www.mendoza.gov.ar\/prensa\/wp-json\/wp\/v2\/comments?post=69598"}],"version-history":[{"count":0,"href":"https:\/\/www.mendoza.gov.ar\/prensa\/wp-json\/wp\/v2\/posts\/69598\/revisions"}],"wp:featuredmedia":[{"embeddable":true,"href":"https:\/\/www.mendoza.gov.ar\/prensa\/wp-json\/wp\/v2\/media\/69600"}],"wp:attachment":[{"href":"https:\/\/www.mendoza.gov.ar\/prensa\/wp-json\/wp\/v2\/media?parent=69598"}],"wp:term":[{"taxonomy":"category","embeddable":true,"href":"https:\/\/www.mendoza.gov.ar\/prensa\/wp-json\/wp\/v2\/categories?post=69598"},{"taxonomy":"post_tag","embeddable":true,"href":"https:\/\/www.mendoza.gov.ar\/prensa\/wp-json\/wp\/v2\/tags?post=69598"}],"curies":[{"name":"wp","href":"https:\/\/api.w.org\/{rel}","templated":true}]}}