{"id":69611,"date":"2016-10-16T13:43:37","date_gmt":"2016-10-16T16:43:37","guid":{"rendered":"http:\/\/prensa.mendoza.gov.ar\/?p=69611"},"modified":"2016-10-16T13:43:37","modified_gmt":"2016-10-16T16:43:37","slug":"el-sistema-de-lucha-antigranizo-estuvo-activo-durante-el-sabado-se-observaron-112-celulas-de-tormenta","status":"publish","type":"post","link":"https:\/\/www.mendoza.gov.ar\/prensa\/el-sistema-de-lucha-antigranizo-estuvo-activo-durante-el-sabado-se-observaron-112-celulas-de-tormenta\/","title":{"rendered":"El sistema de lucha antigranizo estuvo activo durante el s\u00e1bado: se observaron 112 c\u00e9lulas de tormenta"},"content":{"rendered":"<!DOCTYPE html PUBLIC \"-\/\/W3C\/\/DTD HTML 4.0 Transitional\/\/EN\" \"http:\/\/www.w3.org\/TR\/REC-html40\/loose.dtd\">\n<html><body><p>Durante la jornada del s&aacute;bado se registr&oacute; actividad convectiva en toda la provincia. El informe elaborado por Direcci&oacute;n de Agricultura y Contingencias Clim&aacute;ticas se&ntilde;ala que se observaron 112 c&eacute;lulas de tormenta, 19 en la zona na Norte Este,&nbsp; 24 c&eacute;lulas en la zona Centro y&nbsp;&nbsp; 67 c&eacute;lulas en la zona Sur.<\/p>\n<p>No obstante, el desplazamiento de los n&uacute;cleos m&aacute;s peligrosos se produjo hacia el secano y el trabajo del Sistema de Lucha&nbsp; Antigranizo sobre los oasis productivos permiti&oacute; que s&oacute;lo algunas zonas precipitara granizo peque&ntilde;o.<\/p>\n<p>En el oasis Este se observ&oacute; lluvias intensas y granizo en el campo: sur de Rivadavia y Santa Rosa, y Sur&nbsp; del Carrizal, Sur de La Paz.<\/p>\n<p>En el Valle de Uco se registraron lluvias intensas y granizo peque&ntilde;o en zona cultivada de San Carlos (Pareditas, Chilecito, Tres Esquinas, Noroeste de Altamira y La Consulta). Tambi&eacute;n lluvias intensas y granizo en zona de campo: en el este de Tunuy&aacute;n y sureste de San Carlos.<\/p>\n<p>En tanto los departamentos del Sur hubo precipitaci&oacute;n de lluvias intensas y granizo en zonas de campo: Los Reyunos, Cuesta de Los Terneros, Embalse El Nihuil, Norte de Cuadro Nacional, Oeste y Sur de Rama Ca&iacute;da. Adem&aacute;s se registr&oacute; lluvia fuerte con granizo en zonas cultivadas de San Rafael (Rama Ca&iacute;da, Rinc&oacute;n del Atuel, Malvinas, El Escorial,&nbsp; Malvinas, El Cerrito, Cuadro Nacional, La Nora, Cuadro Algarrobal, Cuadro Bombal, Colonia Espa&ntilde;ola, Colonia Elena, Ca&ntilde;ada Seca, Salto Las Rosas, Calle Larga y Jaime Prats).<\/p>\n<\/body><\/html>\n","protected":false},"excerpt":{"rendered":"Los n\u00facleos m\u00e1s severos no afectaron las zonas cultivadas. En zona Sur precipit\u00f3 granizo peque\u00f1o. ","protected":false},"author":63,"featured_media":69612,"comment_status":"open","ping_status":"open","sticky":false,"template":"","format":"standard","meta":[],"categories":[1],"tags":[],"_links":{"self":[{"href":"https:\/\/www.mendoza.gov.ar\/prensa\/wp-json\/wp\/v2\/posts\/69611"}],"collection":[{"href":"https:\/\/www.mendoza.gov.ar\/prensa\/wp-json\/wp\/v2\/posts"}],"about":[{"href":"https:\/\/www.mendoza.gov.ar\/prensa\/wp-json\/wp\/v2\/types\/post"}],"author":[{"embeddable":true,"href":"https:\/\/www.mendoza.gov.ar\/prensa\/wp-json\/wp\/v2\/users\/63"}],"replies":[{"embeddable":true,"href":"https:\/\/www.mendoza.gov.ar\/prensa\/wp-json\/wp\/v2\/comments?post=69611"}],"version-history":[{"count":0,"href":"https:\/\/www.mendoza.gov.ar\/prensa\/wp-json\/wp\/v2\/posts\/69611\/revisions"}],"wp:featuredmedia":[{"embeddable":true,"href":"https:\/\/www.mendoza.gov.ar\/prensa\/wp-json\/wp\/v2\/media\/69612"}],"wp:attachment":[{"href":"https:\/\/www.mendoza.gov.ar\/prensa\/wp-json\/wp\/v2\/media?parent=69611"}],"wp:term":[{"taxonomy":"category","embeddable":true,"href":"https:\/\/www.mendoza.gov.ar\/prensa\/wp-json\/wp\/v2\/categories?post=69611"},{"taxonomy":"post_tag","embeddable":true,"href":"https:\/\/www.mendoza.gov.ar\/prensa\/wp-json\/wp\/v2\/tags?post=69611"}],"curies":[{"name":"wp","href":"https:\/\/api.w.org\/{rel}","templated":true}]}}