{"id":69639,"date":"2016-10-17T08:48:06","date_gmt":"2016-10-17T11:48:06","guid":{"rendered":"http:\/\/prensa.mendoza.gov.ar\/?p=69639"},"modified":"2016-10-17T08:48:06","modified_gmt":"2016-10-17T11:48:06","slug":"osep-firmo-un-convenio-con-la-caja-de-salud","status":"publish","type":"post","link":"https:\/\/www.mendoza.gov.ar\/prensa\/osep-firmo-un-convenio-con-la-caja-de-salud\/","title":{"rendered":"OSEP firm\u00f3 un convenio con la Caja de Salud"},"content":{"rendered":"<!DOCTYPE html PUBLIC \"-\/\/W3C\/\/DTD HTML 4.0 Transitional\/\/EN\" \"http:\/\/www.w3.org\/TR\/REC-html40\/loose.dtd\">\n<html><body><div id=\"m_1214400760068444811yiv5364673400yui_3_16_0_ym19_1_1476470188793_43902\">La Obra Social de los Empleados P&uacute;blicos (OSEP) firm&oacute; este viernes un convenio con la Caja de Previsi&oacute;n para Profesionales del Arte de Curar de la Provincia de Mendoza, por el que se abre la posibilidad de incorporar miembros de esa entidad a OSEP. De esta manera, aquellas personas que forman parte de la caja podr&aacute;n tener acceso mediante su afiliaci&oacute;n a los servicios de la obra social.<\/div>\n<div><\/div>\n<div>La Caja de Salud es un organismo donde el Estado provincial descentraliza el sistema previsional para las personas que trabajan en el &aacute;mbito sanitario y todos los profesionales que se desempe&ntilde;an en estas tareas.<\/div>\n<div><\/div>\n<div>Durante el encuentro, el director general de OSEP, Sergio Vergara, destac&oacute; que el acuerdo &ldquo;representa un gran beneficio para los socios que ser&aacute;n incorporados como afiliados, ya que muchos no ten&iacute;an cobertura asistencial&rdquo;. Tambi&eacute;n participaron en&nbsp;la jornada presidente de la caja, Eduardo Di Lello;&nbsp;Alberto Abramovich, vicepresidente, y Luis Alberto Salvio, secretario de la entidad de agentes sanitarios.<\/div>\n<div id=\"m_1214400760068444811yiv5364673400yui_3_16_0_ym19_1_1476470188793_43933\"><\/div>\n<div><a href=\"https:\/\/www.mendoza.gov.ar\/prensa\/wp-content\/uploads\/sites\/23\/FIRMA-CONVENIO-CAJA-SALUD-3.jpg\"><img loading=\"lazy\" class=\"alignnone  wp-image-69640 img-responsive center-block\" src=\"https:\/\/www.mendoza.gov.ar\/prensa\/wp-content\/uploads\/sites\/23\/FIRMA-CONVENIO-CAJA-SALUD-3.jpg\" alt=\"\" width=\"740\" height=\"493\"><\/a>Sobre el afiliado que se va a incorporar, destac&oacute; Vergara que &ldquo;podr&aacute; gozar de todos los servicios que tienen nuestros afiliados voluntarios, los mismos niveles de carencia y cobertura que le corresponden al sistema de afiliaci&oacute;n voluntaria. En definitiva, se incorporan a la familia de OSEP&rdquo;.<\/div>\n<div id=\"m_1214400760068444811yiv5364673400yui_3_16_0_ym19_1_1476470188793_43940\"><\/div>\n<div>Tambi&eacute;n: &ldquo;Estamos muy contentos y satisfechos, ya que para nosotros es motivador. Nos obliga a mejorar en calidad y estimula en la mejora continua y en la contribuci&oacute;n a las alianzas que pretendemos tener con los prestadores, siempre en beneficio de nuestros afiliados&rdquo; concluy&oacute;.<\/div>\n<div id=\"m_1214400760068444811yiv5364673400yui_3_16_0_ym19_1_1476470188793_43947\"><\/div>\n<div>Por su parte, el doctor Di Lello expres&oacute;: &ldquo;Para la caja significa un hecho trascendente, ya que proveemos la jubilaci&oacute;n a los profesionales de la salud que realizan actividad aut&oacute;noma o independiente y no ten&iacute;amos contemplada esta prestaci&oacute;n de servicios de salud, que de ahora en m&aacute;s prestar&aacute; OSEP, con la excelencia que la caracteriza&rdquo;.<\/div>\n<div><\/div>\n<div id=\"m_1214400760068444811yiv5364673400yui_3_16_0_ym19_1_1476470188793_43954\">De las 11 profesiones que est&aacute;n ligadas a la salud, indic&oacute; el presidente de la caja, &ldquo;una tercera parte no ten&iacute;a cobertura, que son los que podr&aacute;n acceder ahora a la obra social p&uacute;blica mendocina&rdquo;.<\/div>\n<\/body><\/html>\n","protected":false},"excerpt":{"rendered":"Posibilitar\u00e1 el ingreso de personal de esa entidad como afiliado. La r\u00fabrica del documento se realiz\u00f3 en OSEP con la presencia de su titular, Sergio Vergara, y el presidente de la Caja de Previsi\u00f3n para Profesionales del Arte de Curar de la Provincia de Mendoza, Eduardo Di Lello.","protected":false},"author":61,"featured_media":69641,"comment_status":"open","ping_status":"open","sticky":false,"template":"","format":"standard","meta":[],"categories":[30],"tags":[],"_links":{"self":[{"href":"https:\/\/www.mendoza.gov.ar\/prensa\/wp-json\/wp\/v2\/posts\/69639"}],"collection":[{"href":"https:\/\/www.mendoza.gov.ar\/prensa\/wp-json\/wp\/v2\/posts"}],"about":[{"href":"https:\/\/www.mendoza.gov.ar\/prensa\/wp-json\/wp\/v2\/types\/post"}],"author":[{"embeddable":true,"href":"https:\/\/www.mendoza.gov.ar\/prensa\/wp-json\/wp\/v2\/users\/61"}],"replies":[{"embeddable":true,"href":"https:\/\/www.mendoza.gov.ar\/prensa\/wp-json\/wp\/v2\/comments?post=69639"}],"version-history":[{"count":0,"href":"https:\/\/www.mendoza.gov.ar\/prensa\/wp-json\/wp\/v2\/posts\/69639\/revisions"}],"wp:featuredmedia":[{"embeddable":true,"href":"https:\/\/www.mendoza.gov.ar\/prensa\/wp-json\/wp\/v2\/media\/69641"}],"wp:attachment":[{"href":"https:\/\/www.mendoza.gov.ar\/prensa\/wp-json\/wp\/v2\/media?parent=69639"}],"wp:term":[{"taxonomy":"category","embeddable":true,"href":"https:\/\/www.mendoza.gov.ar\/prensa\/wp-json\/wp\/v2\/categories?post=69639"},{"taxonomy":"post_tag","embeddable":true,"href":"https:\/\/www.mendoza.gov.ar\/prensa\/wp-json\/wp\/v2\/tags?post=69639"}],"curies":[{"name":"wp","href":"https:\/\/api.w.org\/{rel}","templated":true}]}}