{"id":69691,"date":"2016-10-17T15:01:31","date_gmt":"2016-10-17T18:01:31","guid":{"rendered":"http:\/\/prensa.mendoza.gov.ar\/?p=69691"},"modified":"2016-10-17T15:01:31","modified_gmt":"2016-10-17T18:01:31","slug":"mendoza-participo-en-el-consejo-federal-de-medio-ambiente","status":"publish","type":"post","link":"https:\/\/www.mendoza.gov.ar\/prensa\/mendoza-participo-en-el-consejo-federal-de-medio-ambiente\/","title":{"rendered":"Mendoza particip\u00f3 en el Consejo Federal de Medio Ambiente"},"content":{"rendered":"<!DOCTYPE html PUBLIC \"-\/\/W3C\/\/DTD HTML 4.0 Transitional\/\/EN\" \"http:\/\/www.w3.org\/TR\/REC-html40\/loose.dtd\">\n<html><body><p>Representantes de la Secretar&iacute;a de Ambiente y Ordenamiento Territorial asistieron a la reuni&oacute;n del Consejo Federal de Medio Ambiente que se realiz&oacute; en Chaco.<\/p>\n<p>Como se hab&iacute;a acordado en reuniones anteriores, Mendoza present&oacute; una propuesta para celebrar&nbsp;convenios espec&iacute;ficos con la autoridad de aplicaci&oacute;n nacional, con el fin de desarrollar las &aacute;reas que tienen&nbsp;bosques nativos.<\/p>\n<p>Entendiendo las particularidades que asumen los ecosistemas forestales en el territorio provincial y la necesidad de compatibilizar actividades productivas con los objetivos de conservaci&oacute;n, se presentaron dos ejes principales a ser abordados. Ellos son manejo de bosques con ganader&iacute;a integrada y beneficiarios agrupados. Este &uacute;ltimo eje pretende promover el trabajo con comunidades y peque&ntilde;os productores que conviven diariamente con el bosque nativo.<\/p>\n<p>En la reuni&oacute;n participaron los representantes de Mendoza, Chaco, Corrientes, Formosa, Salta, Santiago del Estero, Misiones, C&oacute;rdoba, Tierra del Fuego, Neuqu&eacute;n, Entre R&iacute;os, San Juan, Rio Negro, Santa Cruz y Buenos. Aires. Entre los temas que se discutieron, se destacan los mecanismos de rendici&oacute;n de fondos y necesidad de agilizar la efectividad en los instrumentos de funcionamiento&nbsp; de la Ley Nacional 26331, que establece los presupuestos m&iacute;nimos destinados a la protecci&oacute;n de los bosques nativos de las distintas zonas del pa&iacute;s. Representando a Mendoza estuvo&nbsp;Sebastian Fermani, Coordinador de Bosques Nativos de la Secretar&iacute;a de Ambiente de Mendoza.<\/p>\n<p>Es importante destacar lo observado por las autoridades nacionales, quienes expresaron que se pudo conocer que la Unidad Ejecutora de Mendoza cuenta con un equipo t&eacute;cnico comprometido con las tareas que el&nbsp;proceso requiere, y se han logrado valiosos avances. Tambi&eacute;n agregaron que se consideran importantes los avances que la Unidad Ejecutora se plantea respecto de la elaboraci&oacute;n de indicadores de sustentabilidad para el monitoreo de planes de la Ley 26331, en cuanto a&nbsp;definiciones t&eacute;cnicas en la regi&oacute;n para la aplicaci&oacute;n de planes de Manejo de Bosque con Ganader&iacute;a Integrada, y de desarrollo de material.<\/p>\n<\/body><\/html>\n","protected":false},"excerpt":{"rendered":"Representantes de la Secretar\u00eda de Ambiente y Ordenamiento Territorial presentaron una propuesta para celebrar convenios espec\u00edficos con la autoridad de aplicaci\u00f3n nacional para desarrollar las \u00e1reas de nuestro territorio que tienen bosques nativos.","protected":false},"author":63,"featured_media":69692,"comment_status":"open","ping_status":"open","sticky":false,"template":"","format":"standard","meta":[],"categories":[3],"tags":[],"_links":{"self":[{"href":"https:\/\/www.mendoza.gov.ar\/prensa\/wp-json\/wp\/v2\/posts\/69691"}],"collection":[{"href":"https:\/\/www.mendoza.gov.ar\/prensa\/wp-json\/wp\/v2\/posts"}],"about":[{"href":"https:\/\/www.mendoza.gov.ar\/prensa\/wp-json\/wp\/v2\/types\/post"}],"author":[{"embeddable":true,"href":"https:\/\/www.mendoza.gov.ar\/prensa\/wp-json\/wp\/v2\/users\/63"}],"replies":[{"embeddable":true,"href":"https:\/\/www.mendoza.gov.ar\/prensa\/wp-json\/wp\/v2\/comments?post=69691"}],"version-history":[{"count":0,"href":"https:\/\/www.mendoza.gov.ar\/prensa\/wp-json\/wp\/v2\/posts\/69691\/revisions"}],"wp:featuredmedia":[{"embeddable":true,"href":"https:\/\/www.mendoza.gov.ar\/prensa\/wp-json\/wp\/v2\/media\/69692"}],"wp:attachment":[{"href":"https:\/\/www.mendoza.gov.ar\/prensa\/wp-json\/wp\/v2\/media?parent=69691"}],"wp:term":[{"taxonomy":"category","embeddable":true,"href":"https:\/\/www.mendoza.gov.ar\/prensa\/wp-json\/wp\/v2\/categories?post=69691"},{"taxonomy":"post_tag","embeddable":true,"href":"https:\/\/www.mendoza.gov.ar\/prensa\/wp-json\/wp\/v2\/tags?post=69691"}],"curies":[{"name":"wp","href":"https:\/\/api.w.org\/{rel}","templated":true}]}}