{"id":70057,"date":"2016-10-20T11:46:52","date_gmt":"2016-10-20T14:46:52","guid":{"rendered":"http:\/\/prensa.mendoza.gov.ar\/?p=70057"},"modified":"2016-10-20T11:46:52","modified_gmt":"2016-10-20T14:46:52","slug":"crecer-juntos-nuevo-programa-pediatrico-de-osep","status":"publish","type":"post","link":"https:\/\/www.mendoza.gov.ar\/prensa\/crecer-juntos-nuevo-programa-pediatrico-de-osep\/","title":{"rendered":"\u201cCrecer Juntos\u201d: nuevo programa pedi\u00e1trico de OSEP"},"content":{"rendered":"<!DOCTYPE html PUBLIC \"-\/\/W3C\/\/DTD HTML 4.0 Transitional\/\/EN\" \"http:\/\/www.w3.org\/TR\/REC-html40\/loose.dtd\">\n<html><body><p>Ma&ntilde;ana viernes 21, a las 10.30, se lanzar&aacute; oficialmente el programa de seguimiento m&eacute;dico-asistencial denominado &ldquo;Crecer Juntos&rdquo;,&nbsp;destinado a los m&aacute;s peque&ntilde;os de la Obra Social de Empleados P&uacute;blicos (OSEP), ni&ntilde;os de&nbsp;1 a&nbsp;14 a&ntilde;os.<\/p>\n<p>Con la implementaci&oacute;n de este programa, OSEP apuesta a la protecci&oacute;n de la infancia y ofrece un control y seguimiento m&eacute;dico sin coseguro en consultas para facilitar y asegurar una atenci&oacute;n integral de los ni&ntilde;os.<\/p>\n<p>Los menores podr&aacute;n acceder a las prestaciones en los consultorios del Hunuc Huar, OSEP Cerca, sedes departamentales de la obra social y prestadores por programas en el sector privado designados espec&iacute;ficamente en todo el territorio de Mendoza.<\/p>\n<p>El acto se realizar&aacute; en la sede de OSEP, Vicente Zapata 313 de Ciudad.<\/p>\n<p><strong>La importancia de la continuidad de los controles<\/strong><\/p>\n<p>&ldquo;Crecer juntos&rdquo; acompa&ntilde;a a los pap&aacute;s con el acceso libre al control pedi&aacute;trico regular, permitiendo con este monitoreo programado controlar el normal y completo desarrollo y en las mejores condiciones de salud de sus hijos.<\/p>\n<p>Esas intervenciones, que tambi&eacute;n posibilitan la detecci&oacute;n precoz de enfermedades, incluyen, adem&aacute;s de la asistencia pedi&aacute;trica, consultas oftalmol&oacute;gicas, odontol&oacute;gicas y otorrinolaringol&oacute;gicas y la generaci&oacute;n de h&aacute;bitos saludables y autocuidado.<\/p>\n<\/body><\/html>\n","protected":false},"excerpt":{"rendered":"Ser\u00e1 lanzado oficialmente ma\u00f1ana, 21 de octubre, a las 10.30. Est\u00e1 destinado a ni\u00f1os y ni\u00f1as de 1 a 14 a\u00f1os.","protected":false},"author":61,"featured_media":0,"comment_status":"open","ping_status":"open","sticky":false,"template":"","format":"standard","meta":[],"categories":[30],"tags":[],"_links":{"self":[{"href":"https:\/\/www.mendoza.gov.ar\/prensa\/wp-json\/wp\/v2\/posts\/70057"}],"collection":[{"href":"https:\/\/www.mendoza.gov.ar\/prensa\/wp-json\/wp\/v2\/posts"}],"about":[{"href":"https:\/\/www.mendoza.gov.ar\/prensa\/wp-json\/wp\/v2\/types\/post"}],"author":[{"embeddable":true,"href":"https:\/\/www.mendoza.gov.ar\/prensa\/wp-json\/wp\/v2\/users\/61"}],"replies":[{"embeddable":true,"href":"https:\/\/www.mendoza.gov.ar\/prensa\/wp-json\/wp\/v2\/comments?post=70057"}],"version-history":[{"count":0,"href":"https:\/\/www.mendoza.gov.ar\/prensa\/wp-json\/wp\/v2\/posts\/70057\/revisions"}],"wp:attachment":[{"href":"https:\/\/www.mendoza.gov.ar\/prensa\/wp-json\/wp\/v2\/media?parent=70057"}],"wp:term":[{"taxonomy":"category","embeddable":true,"href":"https:\/\/www.mendoza.gov.ar\/prensa\/wp-json\/wp\/v2\/categories?post=70057"},{"taxonomy":"post_tag","embeddable":true,"href":"https:\/\/www.mendoza.gov.ar\/prensa\/wp-json\/wp\/v2\/tags?post=70057"}],"curies":[{"name":"wp","href":"https:\/\/api.w.org\/{rel}","templated":true}]}}