{"id":70092,"date":"2016-10-20T14:49:40","date_gmt":"2016-10-20T17:49:40","guid":{"rendered":"http:\/\/prensa.mendoza.gov.ar\/?p=70092"},"modified":"2016-10-20T14:49:40","modified_gmt":"2016-10-20T17:49:40","slug":"cornejo-quienes-cometan-delitos-graves-o-muy-graves-deben-esperar-su-juzgamiento-en-prision-no-en-libertad","status":"publish","type":"post","link":"https:\/\/www.mendoza.gov.ar\/prensa\/cornejo-quienes-cometan-delitos-graves-o-muy-graves-deben-esperar-su-juzgamiento-en-prision-no-en-libertad\/","title":{"rendered":"Cornejo: \u201cQuienes cometan delitos graves o muy graves deben esperar su juzgamiento en prisi\u00f3n, no en libertad\u201d"},"content":{"rendered":"<!DOCTYPE html PUBLIC \"-\/\/W3C\/\/DTD HTML 4.0 Transitional\/\/EN\" \"http:\/\/www.w3.org\/TR\/REC-html40\/loose.dtd\">\n<html><body><p>El Gobernador Alfredo Cornejo encabez&oacute; los actos que hoy se realizaron como parte de los festejos oficiales por los 206 a&ntilde;os de la creaci&oacute;n de la Polic&iacute;a de Mendoza. Primero presenci&oacute; el Cambio de Guardia de la Bandera del Ej&eacute;rcito de los Andes. Luego recibi&oacute; en la Casa de Gobierno a los primeros egresados de su gesti&oacute;n del Instituto Universitario de Seguridad P&uacute;blica (IUSP) y, m&aacute;s tarde, recorri&oacute; los locales&nbsp;de la s&eacute;ptima&nbsp;edici&oacute;n de la Muestra Policial.<\/p>\n<p>&ldquo;Quiero sentirme orgulloso de ser el jefe de las milicias y para ello necesito que hagan bien las cosas&rdquo;, les dijo a los graduados que ser&aacute;n nombrados el a&ntilde;o que viene. &ldquo;Es imprescindible que la Polic&iacute;a vuelva a tener prestigio,&nbsp;porque ustedes y la Justicia son las claves para reducir la inseguridad&rdquo;, agreg&oacute; el mandatario en el Sal&oacute;n Patricias de Casa de Gobierno. All&iacute; recibi&oacute; a los egresados&nbsp;junto a Roberto Munives, director general de Polic&iacute;as; Hugo S&aacute;nchez, jefe de Gabinete, y Alejandro Ant&oacute;n, director del IUSP.<\/p>\n<p>&ldquo;Le estamos exigiendo a la Justicia mano dura y a la Polic&iacute;a que sea profesional, siempre en el marco del respeto a la ley&rdquo;, les indic&oacute; Cornejo al explicarles que su misi&oacute;n principal ser&aacute; la de &ldquo;prevenir el delito y para ello deben realizar patrullajes inteligentes y estar siempre atentos. En caso de que la prevenci&oacute;n no haya funcionado, deben disuadir y, en tercer lugar, si no dieron resultados la prevenci&oacute;n y la disuasi&oacute;n, hay que reprimir, recordando siempre el protocolo de procedimientos, para cuidar a los ciudadanos respetando las leyes&rdquo;.<\/p>\n<p><strong>Recorriendo la 7&ordf; edici&oacute;n de la Muestra Policial<\/strong><\/p>\n<p>Luego de recibir a los egresados, Cornejo presidi&oacute; el acto de apertura de la 7&ordf; edici&oacute;n de la Muestra Policial, en el predio este de la Casa de Gobierno, que se extender&aacute; hasta el pr&oacute;ximo s&aacute;bado. All&iacute; recorri&oacute; los locales&nbsp;donde los uniformados exhiben el trabajo diario de las distintas dependencias policiales.<\/p>\n<p>&ldquo;S&eacute; perfectamente que la imagen de la Polic&iacute;a se ha deteriorado en las &uacute;ltimas d&eacute;cadas y que este deterioro ha tenido que ver con la falta de di&aacute;logo entre el Poder Ejecutivo y el Judicial&rdquo;, se&ntilde;al&oacute; el mandatario, y pidi&oacute; el m&aacute;ximo de los esfuerzos a la Polic&iacute;a y a la Justicia &ldquo;para garantizar la convivencia pac&iacute;fica de todos los ciudadanos de Mendoza&rdquo;.<\/p>\n<p>El Gobernador sostuvo que forma parte de su pol&iacute;tica de persecuci&oacute;n criminal que quienes &ldquo;cometan delitos graves o muy graves deben esperar su juzgamiento en prisi&oacute;n, no en libertad. Ese es el precepto b&aacute;sico con el que hay que trabajar. No se puede combatir la inseguridad si no tenemos una Polic&iacute;a profesionalizada, pero tampoco se puede combatir si no hay jueces y fiscales que detengan a las personas que delinquen&rdquo;.<\/p>\n<p>Concluy&oacute; el Gobernador:&nbsp;&ldquo;Vamos a seguir trabajando en esta direcci&oacute;n, modificando las leyes que haya que modificar, pero tambi&eacute;n dotando a las fuerzas con las herramientas necesarias para prevenir el delito&rdquo;.<\/p>\n<\/body><\/html>\n","protected":false},"excerpt":{"rendered":"En el marco del 206\u00b0 aniversario de la Polic\u00eda de Mendoza, el Gobernador recibi\u00f3 a los primeros egresados del IUSP de su gesti\u00f3n, en Casa de Gobierno. Adem\u00e1s, particip\u00f3 del tradicional Cambio de Guardia de la Bandera de los Andes y recorri\u00f3 los locales de la Muestra Policial. ","protected":false},"author":63,"featured_media":70097,"comment_status":"open","ping_status":"open","sticky":false,"template":"","format":"standard","meta":[],"categories":[19],"tags":[],"_links":{"self":[{"href":"https:\/\/www.mendoza.gov.ar\/prensa\/wp-json\/wp\/v2\/posts\/70092"}],"collection":[{"href":"https:\/\/www.mendoza.gov.ar\/prensa\/wp-json\/wp\/v2\/posts"}],"about":[{"href":"https:\/\/www.mendoza.gov.ar\/prensa\/wp-json\/wp\/v2\/types\/post"}],"author":[{"embeddable":true,"href":"https:\/\/www.mendoza.gov.ar\/prensa\/wp-json\/wp\/v2\/users\/63"}],"replies":[{"embeddable":true,"href":"https:\/\/www.mendoza.gov.ar\/prensa\/wp-json\/wp\/v2\/comments?post=70092"}],"version-history":[{"count":0,"href":"https:\/\/www.mendoza.gov.ar\/prensa\/wp-json\/wp\/v2\/posts\/70092\/revisions"}],"wp:featuredmedia":[{"embeddable":true,"href":"https:\/\/www.mendoza.gov.ar\/prensa\/wp-json\/wp\/v2\/media\/70097"}],"wp:attachment":[{"href":"https:\/\/www.mendoza.gov.ar\/prensa\/wp-json\/wp\/v2\/media?parent=70092"}],"wp:term":[{"taxonomy":"category","embeddable":true,"href":"https:\/\/www.mendoza.gov.ar\/prensa\/wp-json\/wp\/v2\/categories?post=70092"},{"taxonomy":"post_tag","embeddable":true,"href":"https:\/\/www.mendoza.gov.ar\/prensa\/wp-json\/wp\/v2\/tags?post=70092"}],"curies":[{"name":"wp","href":"https:\/\/api.w.org\/{rel}","templated":true}]}}