{"id":70121,"date":"2016-10-20T17:44:44","date_gmt":"2016-10-20T20:44:44","guid":{"rendered":"http:\/\/prensa.mendoza.gov.ar\/?p=70121"},"modified":"2016-10-20T17:44:44","modified_gmt":"2016-10-20T20:44:44","slug":"la-nacion-destinara-16-millones-para-la-mejora-de-procesos-en-la-bioplanta-santa-rosa","status":"publish","type":"post","link":"https:\/\/www.mendoza.gov.ar\/prensa\/la-nacion-destinara-16-millones-para-la-mejora-de-procesos-en-la-bioplanta-santa-rosa\/","title":{"rendered":"La Naci\u00f3n destinar\u00e1 $16 millones para mejorar procesos en la Bioplanta Santa Rosa"},"content":{"rendered":"<!DOCTYPE html PUBLIC \"-\/\/W3C\/\/DTD HTML 4.0 Transitional\/\/EN\" \"http:\/\/www.w3.org\/TR\/REC-html40\/loose.dtd\">\n<html><body><p>Profesionales y autoridades del Instituto Sanidad y Calidad Agropecuaria (Iscamen) participaron en Buenos Aires de la novena mesa de trabajo sobre mosca del Mediterr&aacute;neo del Hemisferio Occidental. En este marco, el&nbsp;presidente del Iscamen, Alejandro Molero, firm&oacute; un convenio para el desembolso, por parte de la Naci&oacute;n, de 16 millones de pesos destinados a mejorar los procesos de la Bioplanta de producci&oacute;n de insectos est&eacute;riles de&nbsp;Santa Rosa.<\/p>\n<p>Molero explic&oacute; que los fondos &ldquo;tendr&aacute;n un fin especifico y ser&aacute; para&nbsp;innovaci&oacute;n de tecnolog&iacute;a, la remodelaci&oacute;n de infraestructura y la compra de insumos&rdquo;. Agreg&oacute;, adem&aacute;s, que los nuevos recursos &ldquo;potenciar&aacute;n un proceso que ya comenz&oacute;. La Bioplanta ha elevado considerablemente su producci&oacute;n y esto viene a mejorar la calidad de los insumos tal lo cual lo se&ntilde;alado por la consultor&iacute;a externa&rdquo;.<\/p>\n<p>En los pr&oacute;ximos d&iacute;as, una delegaci&oacute;n de la Agencia Internacional de Energ&iacute;a At&oacute;mica visitar&aacute; la provincia para evaluar y brindar soporte tecnol&oacute;gico a programas operativos que desarrolla el Iscamen para el control de la mosca del Medirerr&aacute;neo.<\/p>\n<p><strong>Novena mesa de trabajo sobre mosca del Mediterr&aacute;neo del Hemisferio Occidental<\/strong><\/p>\n<p><a href=\"https:\/\/www.mendoza.gov.ar\/prensa\/wp-content\/uploads\/sites\/23\/encuentro1.jpg\"><img loading=\"lazy\" class=\"alignnone wp-image-70125 img-responsive center-block\" src=\"https:\/\/www.mendoza.gov.ar\/prensa\/wp-content\/uploads\/sites\/23\/encuentro1.jpg\" alt=\"\" width=\"350\" height=\"197\"><\/a><\/p>\n<p>Autoridades del Iscamen participan en Buenos Aires del encuentro que re&uacute;ne a investigadores, cient&iacute;ficos y personal t&eacute;cnico a cargo de los programas de lucha contra la mosca del Mediterr&aacute;neo que se desarrollan en el continente. La reuni&oacute;n&nbsp;tiene como fin promover el intercambio de informaci&oacute;n y conocimientos sobre la mosca del Mediterr&aacute;neo.<\/p>\n<p>En la tarde de hoy, el titular del Instituto de Sanidad y Calidad Agropecuaria de la Provincia, Alejandro Molero, expondr&aacute; &nbsp;ante m&aacute;s de 300 expertos sobre el rol de la Bioplanta de producci&oacute;n de insectos est&eacute;riles de Mendoza, dentro del esquema nacional de lucha contra las moscas de las frutas.<\/p>\n<\/body><\/html>\n","protected":false},"excerpt":{"rendered":"El presidente de Iscamen, Alejando Molero, junto a autoridades del Senasa y del Ministerio de Agroindustria de la Naci\u00f3n firmaron un convenio por el cual se destinar\u00e1n fondos nacionales para la producci\u00f3n de insectos en la Bioplanta de Santa Rosa. Fue durante la 9\u00aa mesa de trabajo sobre mosca del Mediterr\u00e1neo del Hemisferio Occidental, que se desarrolla en Buenos Aires. ","protected":false},"author":63,"featured_media":70124,"comment_status":"open","ping_status":"open","sticky":false,"template":"","format":"standard","meta":[],"categories":[1],"tags":[],"_links":{"self":[{"href":"https:\/\/www.mendoza.gov.ar\/prensa\/wp-json\/wp\/v2\/posts\/70121"}],"collection":[{"href":"https:\/\/www.mendoza.gov.ar\/prensa\/wp-json\/wp\/v2\/posts"}],"about":[{"href":"https:\/\/www.mendoza.gov.ar\/prensa\/wp-json\/wp\/v2\/types\/post"}],"author":[{"embeddable":true,"href":"https:\/\/www.mendoza.gov.ar\/prensa\/wp-json\/wp\/v2\/users\/63"}],"replies":[{"embeddable":true,"href":"https:\/\/www.mendoza.gov.ar\/prensa\/wp-json\/wp\/v2\/comments?post=70121"}],"version-history":[{"count":0,"href":"https:\/\/www.mendoza.gov.ar\/prensa\/wp-json\/wp\/v2\/posts\/70121\/revisions"}],"wp:featuredmedia":[{"embeddable":true,"href":"https:\/\/www.mendoza.gov.ar\/prensa\/wp-json\/wp\/v2\/media\/70124"}],"wp:attachment":[{"href":"https:\/\/www.mendoza.gov.ar\/prensa\/wp-json\/wp\/v2\/media?parent=70121"}],"wp:term":[{"taxonomy":"category","embeddable":true,"href":"https:\/\/www.mendoza.gov.ar\/prensa\/wp-json\/wp\/v2\/categories?post=70121"},{"taxonomy":"post_tag","embeddable":true,"href":"https:\/\/www.mendoza.gov.ar\/prensa\/wp-json\/wp\/v2\/tags?post=70121"}],"curies":[{"name":"wp","href":"https:\/\/api.w.org\/{rel}","templated":true}]}}