{"id":70219,"date":"2016-10-20T20:30:56","date_gmt":"2016-10-20T23:30:56","guid":{"rendered":"http:\/\/prensa.mendoza.gov.ar\/?p=70219"},"modified":"2016-10-20T20:30:56","modified_gmt":"2016-10-20T23:30:56","slug":"cornejo-nos-hemos-propuesto-recuperar-el-deporte-social-y-escolar-de-manera-masiva","status":"publish","type":"post","link":"https:\/\/www.mendoza.gov.ar\/prensa\/cornejo-nos-hemos-propuesto-recuperar-el-deporte-social-y-escolar-de-manera-masiva\/","title":{"rendered":"Cornejo: \u201cNos hemos propuesto recuperar el deporte social y escolar de manera masiva\u201d"},"content":{"rendered":"<!DOCTYPE html PUBLIC \"-\/\/W3C\/\/DTD HTML 4.0 Transitional\/\/EN\" \"http:\/\/www.w3.org\/TR\/REC-html40\/loose.dtd\">\n<html><body><p>El Gobernador Alfredo Cornejo junto al ministro de Salud, Desarrollo Social y Deportes, Rub&eacute;n Giacchi, y al subsecretario de Deportes, Federico Chiapetta, recibieron esta tarde a la delegaci&oacute;n de mendocinos que participar&aacute;n en&nbsp;las finales nacionales de los Juegos Evita 2016. La instancia nacional se disputar&aacute; en Mar del Plata, provincia de Buenos Aires, del s&aacute;bado 22 al jueves 27 de octubre.<\/p>\n<p>En el Cuarto Piso de Casa de Gobierno, estuvieron presentes algunos de los deportistas que viajar&aacute;n, donde recibieron el equipo&nbsp;deportivo con la indumentaria que usar&aacute;n para representar a Mendoza en la final.<\/p>\n<p>En la presentaci&oacute;n realizada por el Gobernador, se destacaron los principales objetivos de las pol&iacute;ticas deportivas que se realizan desde el Ejecutivo: &ldquo;Estamos enfocados en muchos temas, como por ejemplo administrar mejor los recursos para mejorar los servicios que brinda el Estado, pero los servicios que m&aacute;s rinden son los servicios sociales, y all&iacute; es donde ponemos mucho hincapi&eacute; en los temas deportivos. Entendemos que en Mendoza vamos a estar mucho mejor si todos practic&aacute;ramos deportes, pero la realidad es que hoy s&oacute;lo una minor&iacute;a los practica&rdquo;.<\/p>\n<p>&ldquo;Nos hemos propuesto recuperar el deporte social y escolar de manera masiva. Hemos vuelto a practicar el deporte en la escuela de otra manera. Hoy tenemos m&aacute;s de 27 mil chicos practicando actividades deportivas en las escuelas, en aquellas instituciones que ten&iacute;an lugares adecuados, y en las que no lo ten&iacute;an, nos asociamos a otros espacios para cumplir con este objetivo&rdquo;, destac&oacute; Cornejo.<\/p>\n<p>Adem&aacute;s, el mandatario se refiri&oacute; al apoyo brindado a los deportistas al destacar: &ldquo;Estamos trabajando con el deporte social y lo articulamos con los municipios. Nos propusimos que sea masivo, que participen cada vez m&aacute;s personas, que est&eacute;n equipados y motivados. Nos propusimos hacer una inversi&oacute;n fuerte, porque es importante&nbsp;que vayan todos preparados, con indumentaria, que est&eacute;ticamente se vean organizados. Es una gran cifra la que invertimos pero creemos que vale la pena premiar a la gente&rdquo;.<\/p>\n<p>El grupo est&aacute; compuesto&nbsp;por 840 personas entre deportistas, entrenadores y delegados, que&nbsp;estar&aacute;n a disposici&oacute;n para solucionar todo lo referente a la log&iacute;stica necesaria para este tipo de competencias.<\/p>\n<p>Los atletas partir&aacute;n el viernes 21 de octubre, a las 12, desde la explanada de la Casa de Gobierno, y regresar&aacute;n el viernes 28 de octubre.<\/p>\n<p>La edici&oacute;n provincial se disput&oacute; entre de agosto y setiembre, con 15 mil j&oacute;venes de todos los departamentos. De ah&iacute;, los ganadores en cada deporte obtienen la posibilidad de competir a nivel nacional.<\/p>\n<p>La inversi&oacute;n en este megaevento por parte del Estado provincial fue de aproximadamente 10 millones de pesos. En este sentido, es importante destacar que por primera vez las delegaciones departamentales se alojaron en hoteles.<\/p>\n<p>La entrega de indumentaria realizada esta tarde por Alfredo Cornejo junto a Giacchi y Chiapetta fue simb&oacute;lica, ya que&nbsp;s&oacute;lo asistieron&nbsp;50 deportistas del Gran Mendoza, debido a que el resto de la indumentaria se env&iacute;a directamente a cada departamento.<\/p>\n<\/body><\/html>\n","protected":false},"excerpt":{"rendered":"El Gobernador recibi\u00f3 esta tarde a los deportistas que participar\u00e1n en las finales nacionales de los Juegos Evita 2016. Luego, junto a Giacchi y Chiapetta, entreg\u00f3 la indumentaria deportiva a las delegaciones. Las competencias ser\u00e1n en Mar del Plata del 22 al 27 de octubre.","protected":false},"author":76,"featured_media":70170,"comment_status":"open","ping_status":"open","sticky":false,"template":"","format":"standard","meta":[],"categories":[19],"tags":[],"_links":{"self":[{"href":"https:\/\/www.mendoza.gov.ar\/prensa\/wp-json\/wp\/v2\/posts\/70219"}],"collection":[{"href":"https:\/\/www.mendoza.gov.ar\/prensa\/wp-json\/wp\/v2\/posts"}],"about":[{"href":"https:\/\/www.mendoza.gov.ar\/prensa\/wp-json\/wp\/v2\/types\/post"}],"author":[{"embeddable":true,"href":"https:\/\/www.mendoza.gov.ar\/prensa\/wp-json\/wp\/v2\/users\/76"}],"replies":[{"embeddable":true,"href":"https:\/\/www.mendoza.gov.ar\/prensa\/wp-json\/wp\/v2\/comments?post=70219"}],"version-history":[{"count":0,"href":"https:\/\/www.mendoza.gov.ar\/prensa\/wp-json\/wp\/v2\/posts\/70219\/revisions"}],"wp:featuredmedia":[{"embeddable":true,"href":"https:\/\/www.mendoza.gov.ar\/prensa\/wp-json\/wp\/v2\/media\/70170"}],"wp:attachment":[{"href":"https:\/\/www.mendoza.gov.ar\/prensa\/wp-json\/wp\/v2\/media?parent=70219"}],"wp:term":[{"taxonomy":"category","embeddable":true,"href":"https:\/\/www.mendoza.gov.ar\/prensa\/wp-json\/wp\/v2\/categories?post=70219"},{"taxonomy":"post_tag","embeddable":true,"href":"https:\/\/www.mendoza.gov.ar\/prensa\/wp-json\/wp\/v2\/tags?post=70219"}],"curies":[{"name":"wp","href":"https:\/\/api.w.org\/{rel}","templated":true}]}}