{"id":70249,"date":"2016-10-21T14:45:45","date_gmt":"2016-10-21T17:45:45","guid":{"rendered":"http:\/\/prensa.mendoza.gov.ar\/?p=70249"},"modified":"2016-10-21T14:45:45","modified_gmt":"2016-10-21T17:45:45","slug":"cornejo-esperamos-que-la-legislatura-vote-la-primera-baja-de-impuestos-pautado-en-el-presupuesto-2017","status":"publish","type":"post","link":"https:\/\/www.mendoza.gov.ar\/prensa\/cornejo-esperamos-que-la-legislatura-vote-la-primera-baja-de-impuestos-pautado-en-el-presupuesto-2017\/","title":{"rendered":"Cornejo: \u201cEsperamos que la Legislatura vote la primera baja de impuestos, pautada en el presupuesto 2017\u201d"},"content":{"rendered":"<!DOCTYPE html PUBLIC \"-\/\/W3C\/\/DTD HTML 4.0 Transitional\/\/EN\" \"http:\/\/www.w3.org\/TR\/REC-html40\/loose.dtd\">\n<html><body><p>El Gobernador Alfredo Cornejo particip&oacute; en&nbsp;la inauguraci&oacute;n del Parque de Desarrollo Empresarial e Industrial Maip&uacute;, en Belgrano s\/n&nbsp;del&nbsp;distrito de General Ortega, a 500 metros de la ruta 7. En esa zona de Maip&uacute; se proyecta la extensi&oacute;n de la zona industrial del carril Rodr&iacute;guez Pe&ntilde;a. Este desarrollo industrial forma parte del corredor bioce&aacute;nico y es ap&eacute;ndice de la zona industrial Rodr&iacute;guez Pe&ntilde;a con acceso directo por el carril G&oacute;mez. El proyecto se gest&oacute; en 2012.<\/p>\n<p>Durante su discurso, el mandatario adelant&oacute;: &ldquo;Esperamos que la Legislatura vote la primera baja de impuestos, pautada en el presupuesto 2017, que no se hac&iacute;a desde 1996 en la provincia. Si bien es una baja peque&ntilde;a, involucra a muchos sectores&rdquo;, asegur&oacute;. Y luego afirm&oacute;: &ldquo;Mendoza necesita crecer y desarrollarse. Vamos a seguir trabajando en esa direcci&oacute;n; para ello tenemos que continuar optimizando el gasto p&uacute;blico&rdquo;.<\/p>\n<p>Destac&oacute; que &ldquo;es la primera vez en 33 a&ntilde;os de democracia de Mendoza que el empleo p&uacute;blico va a la baja y no a la suba&rdquo; y explic&oacute; que esto se debi&oacute;, mayormente, a las facilidades que se brindaron para la jubilaci&oacute;n de quienes ya cumplieron sus a&ntilde;os de servicio y &ldquo;poniendo todo el poder pol&iacute;tico en las negociaciones paritarias, donde cont&eacute; con el apoyo de todos los intendentes, sin distinci&oacute;n partidaria&rdquo;.<\/p>\n<p>&ldquo;Mendoza ha crecido muy poco en los &uacute;ltimos a&ntilde;os. Necesitamos volver a esa senda de crecimiento y esto depende de nosotros, de que el Gobierno nacional acierte con su pol&iacute;tica econ&oacute;mica y que los privados empiecen a invertir&rdquo;, relat&oacute; Cornejo.<\/p>\n<p>La Provincia gast&oacute; en los &uacute;ltimos 11 a&ntilde;os el doble del Producto Bruto Geogr&aacute;fico que producen los mendocinos y &ldquo;esto ser&iacute;a una buena noticia si nuestros servicios fueran buenos, pero no es as&iacute;&rdquo;, sentenci&oacute;, y apunt&oacute;: &ldquo;Estamos peor que hace 11 a&ntilde;os y es por esto que los administradores tenemos que gerenciar mejor esos servicios, bajando impuestos para liberar recursos y que los privados inviertan cada vez m&aacute;s&rdquo;.<\/p>\n<p>Remarc&oacute;: &ldquo;Estoy concentrado en esa tarea, en hacer bien las funciones del Estado, en que la seguridad funcione, en que la administraci&oacute;n de justicia sea expedita, en que la educaci&oacute;n no sea s&oacute;lo masiva, sino que sea de calidad&rdquo;. Se&ntilde;al&oacute; que &ldquo;nuestros ex&aacute;menes han salido p&eacute;simos, es un crimen que los ni&ntilde;os no tengan una buena educaci&oacute;n&rdquo;.<\/p>\n<p>&ldquo;Tenemos que estar preparados, porque lo que producimos ac&aacute; tiene que tener mercado interno, pero tambi&eacute;n tenemos que procurar que tenga mercado externo&rdquo;, destac&oacute;.<\/p>\n<p>Paralelamente, asegur&oacute; que con la presentaci&oacute;n del presupuesto 2017 se busca aumentar la obra p&uacute;blica y la inversi&oacute;n, elementos claves de nuestra econom&iacute;a. En este sentido, afirm&oacute; que se duplica respecto del a&ntilde;o pasado el monto asignado a estas &aacute;reas. De 3% sube a casi 8%.<\/p>\n<p>Para finalizar, Cornejo felicit&oacute; a Maip&uacute; por el innovador emprendimiento, a los propietarios de los terrenos y a quienes han invertido. &ldquo;Con estos proyectos colectivos queremos que Mendoza crezca, que los empresarios puedan ganar dinero, que tengamos empleo de calidad, que las personas puedan conseguir empleo y que Mendoza vuela a ser el lugar m&aacute;s productivo del Oeste argentino, como lo era&rdquo;.<\/p>\n<p><strong>El parque<\/strong><\/p>\n<p>El Parque Industrial se construy&oacute; sobre un terreno de 47 hect&aacute;reas, de las cuales 20 fueron urbanizadas para subdividirlas en 67 parcelas, las cuales corresponden a 39 empresas.<\/p>\n<p>Est&aacute; definido en tres sectores: industrial manufacturera, industria de transformaci&oacute;n de sus bienes y transporte&nbsp;y&nbsp;log&iacute;stica. Cuenta con todo los servicios y est&aacute; inscripto en el RENPI (Registro Nacional de Parques Industriales)<\/p>\n<p>En una segunda etapa se proyecta la divisi&oacute;n y urbanizaci&oacute;n de un terreno de 5 hect&aacute;reas para licitarlo y vender las parcelas.<\/p>\n<\/body><\/html>\n","protected":false},"excerpt":{"rendered":"Lo expres\u00f3 el Gobernador en la inauguraci\u00f3n del Parque de Desarrollo Empresarial e Industrial Maip\u00fa y agreg\u00f3 que seguir\u00e1 trabajando en esa direcci\u00f3n, para lo cual su  gesti\u00f3n deber\u00e1 \u201ccontinuar optimizando el gasto p\u00fablico\u201d. ","protected":false},"author":63,"featured_media":70250,"comment_status":"open","ping_status":"open","sticky":false,"template":"","format":"standard","meta":[],"categories":[19],"tags":[],"_links":{"self":[{"href":"https:\/\/www.mendoza.gov.ar\/prensa\/wp-json\/wp\/v2\/posts\/70249"}],"collection":[{"href":"https:\/\/www.mendoza.gov.ar\/prensa\/wp-json\/wp\/v2\/posts"}],"about":[{"href":"https:\/\/www.mendoza.gov.ar\/prensa\/wp-json\/wp\/v2\/types\/post"}],"author":[{"embeddable":true,"href":"https:\/\/www.mendoza.gov.ar\/prensa\/wp-json\/wp\/v2\/users\/63"}],"replies":[{"embeddable":true,"href":"https:\/\/www.mendoza.gov.ar\/prensa\/wp-json\/wp\/v2\/comments?post=70249"}],"version-history":[{"count":0,"href":"https:\/\/www.mendoza.gov.ar\/prensa\/wp-json\/wp\/v2\/posts\/70249\/revisions"}],"wp:featuredmedia":[{"embeddable":true,"href":"https:\/\/www.mendoza.gov.ar\/prensa\/wp-json\/wp\/v2\/media\/70250"}],"wp:attachment":[{"href":"https:\/\/www.mendoza.gov.ar\/prensa\/wp-json\/wp\/v2\/media?parent=70249"}],"wp:term":[{"taxonomy":"category","embeddable":true,"href":"https:\/\/www.mendoza.gov.ar\/prensa\/wp-json\/wp\/v2\/categories?post=70249"},{"taxonomy":"post_tag","embeddable":true,"href":"https:\/\/www.mendoza.gov.ar\/prensa\/wp-json\/wp\/v2\/tags?post=70249"}],"curies":[{"name":"wp","href":"https:\/\/api.w.org\/{rel}","templated":true}]}}