{"id":70302,"date":"2016-10-22T09:15:58","date_gmt":"2016-10-22T12:15:58","guid":{"rendered":"http:\/\/prensa.mendoza.gov.ar\/?p=70302"},"modified":"2016-10-22T09:15:58","modified_gmt":"2016-10-22T12:15:58","slug":"aconcagua-sera-el-nuevo-desafio-de-los-murcielagos","status":"publish","type":"post","link":"https:\/\/www.mendoza.gov.ar\/prensa\/aconcagua-sera-el-nuevo-desafio-de-los-murcielagos\/","title":{"rendered":"Aconcagua ser\u00e1 el nuevo desaf\u00edo de \u201cLos Murci\u00e9lagos\u201d"},"content":{"rendered":"<!DOCTYPE html PUBLIC \"-\/\/W3C\/\/DTD HTML 4.0 Transitional\/\/EN\" \"http:\/\/www.w3.org\/TR\/REC-html40\/loose.dtd\">\n<html><body><p>J&oacute;venes no videntes que integran el equipo de f&uacute;tbol de sal&oacute;n argentino conocido como &ldquo;Los Murci&eacute;lagos&rdquo;, se han impuesto el desaf&iacute;o de hacer cumbre en el cerro Aconcagua.<\/p>\n<p>Federico Acardi, el mendocino que integra el equipo, en un encuentro con el secretario de Ambiente, Humberto Mingorance, y la directora de Recursos Naturales Renovables (DRNR), Mabel Chambuleir&oacute;n, solicit&oacute; autorizaci&oacute;n para realizar la expedici&oacute;n en febrero de 2017.<\/p>\n<p>&ldquo;Nuestra meta es fortalecer el esp&iacute;ritu deportivo y nuestras capacidades f&iacute;sicas para optimizar nuestros desempe&ntilde;os en futsal&rdquo;, coment&oacute; el deportista. &ldquo;Los Murci&eacute;lagos&rdquo; planean emprender la traves&iacute;a en compa&ntilde;&iacute;a de gu&iacute;as de alta monta&ntilde;a.<\/p>\n<p>Ante este requerimiento especial, desde la DRNR se comprometieron a informar en detalle al equipo sobre las condiciones necesarias para asumir el desaf&iacute;o de grandes ascensos. Deber&aacute;n entrenarse previamente en altura y en el desplazamiento en terrenos dificultosos y de variadas caracter&iacute;sticas.<\/p>\n<p>Asimismo, la Direcci&oacute;n puso a disposici&oacute;n el asesoramiento de guardaparques expertos en Aconcagua y sugiri&oacute; establecer contacto con otros deportistas que ya han hecho cumbre y que pueden transferirle sus experiencias para lograr su ansiado objetivo con &eacute;xito.<\/p>\n<\/body><\/html>\n","protected":false},"excerpt":{"rendered":"Federico Acardi, mendocino que integra el plantel de Futsal, se entrevist\u00f3 con el Secretario de Ambiente, Humberto Mingorance. En el encuentro, el deportista  manifest\u00f3 el deseo del equipo de escalar el cerro m\u00e1s alto de Am\u00e9rica.","protected":false},"author":68,"featured_media":70305,"comment_status":"open","ping_status":"open","sticky":false,"template":"","format":"standard","meta":[],"categories":[3],"tags":[],"_links":{"self":[{"href":"https:\/\/www.mendoza.gov.ar\/prensa\/wp-json\/wp\/v2\/posts\/70302"}],"collection":[{"href":"https:\/\/www.mendoza.gov.ar\/prensa\/wp-json\/wp\/v2\/posts"}],"about":[{"href":"https:\/\/www.mendoza.gov.ar\/prensa\/wp-json\/wp\/v2\/types\/post"}],"author":[{"embeddable":true,"href":"https:\/\/www.mendoza.gov.ar\/prensa\/wp-json\/wp\/v2\/users\/68"}],"replies":[{"embeddable":true,"href":"https:\/\/www.mendoza.gov.ar\/prensa\/wp-json\/wp\/v2\/comments?post=70302"}],"version-history":[{"count":0,"href":"https:\/\/www.mendoza.gov.ar\/prensa\/wp-json\/wp\/v2\/posts\/70302\/revisions"}],"wp:featuredmedia":[{"embeddable":true,"href":"https:\/\/www.mendoza.gov.ar\/prensa\/wp-json\/wp\/v2\/media\/70305"}],"wp:attachment":[{"href":"https:\/\/www.mendoza.gov.ar\/prensa\/wp-json\/wp\/v2\/media?parent=70302"}],"wp:term":[{"taxonomy":"category","embeddable":true,"href":"https:\/\/www.mendoza.gov.ar\/prensa\/wp-json\/wp\/v2\/categories?post=70302"},{"taxonomy":"post_tag","embeddable":true,"href":"https:\/\/www.mendoza.gov.ar\/prensa\/wp-json\/wp\/v2\/tags?post=70302"}],"curies":[{"name":"wp","href":"https:\/\/api.w.org\/{rel}","templated":true}]}}