{"id":70342,"date":"2016-10-22T18:12:17","date_gmt":"2016-10-22T21:12:17","guid":{"rendered":"http:\/\/prensa.mendoza.gov.ar\/?p=70342"},"modified":"2016-10-22T18:12:17","modified_gmt":"2016-10-22T21:12:17","slug":"crecer-juntos-nuevo-programa-pediatrico-de-osep-2","status":"publish","type":"post","link":"https:\/\/www.mendoza.gov.ar\/prensa\/crecer-juntos-nuevo-programa-pediatrico-de-osep-2\/","title":{"rendered":"\u201cCrecer Juntos\u201d: nuevo programa pedi\u00e1trico de OSEP"},"content":{"rendered":"<!DOCTYPE html PUBLIC \"-\/\/W3C\/\/DTD HTML 4.0 Transitional\/\/EN\" \"http:\/\/www.w3.org\/TR\/REC-html40\/loose.dtd\">\n<html><body><p>OSEP present&oacute; el nuevo programa pedi&aacute;trico &ldquo;Crecer Juntos&rdquo;, que ofrece un control y seguimiento m&eacute;dico&nbsp;sin coseguro&nbsp;en consultas&nbsp;para facilitar y asegurar una atenci&oacute;n integral de los ni&ntilde;os.<\/p>\n<p>A trav&eacute;s de este plan los menores podr&aacute;n acceder a las prestaciones en los consultorios del Hunuc Huar, OSEP Cerca, sedes departamentales de la Obra Social y prestadores por programas en el sector privado designados espec&iacute;ficamente en todo el territorio de Mendoza.<\/p>\n<p><strong>La importancia de la continuidad de los controles<\/strong><\/p>\n<p>&ldquo;Crecer juntos&rdquo; acompa&ntilde;a a los pap&aacute;s con el acceso libre al control pedi&aacute;trico regular, permitiendo con este monitoreo programado controlar el normal y completo desarrollo y en las mejores condiciones de salud de sus hijos.<\/p>\n<p>Esas intervenciones, que tambi&eacute;n posibilitan la detecci&oacute;n precoz de enfermedades, incluyen adem&aacute;s de la asistencia pedi&aacute;trica, consultas oftalmol&oacute;gicas, odontol&oacute;gicas y otorrinolaringol&oacute;gicas y la generaci&oacute;n de h&aacute;bitos saludables y autocuidado.<\/p>\n<p><strong>&iquest;Qu&eacute; incluye este programa?<\/strong><\/p>\n<p>Controles de salud&nbsp;sin coseguro:<\/p>\n<ul>\n<li>De 1 a 2 a&ntilde;os: 4 consultas anuales,una por trimestre&nbsp;y&nbsp;3&nbsp;m&aacute;s&nbsp;para hacer frente a cualquier problema de salud que tenga el menor.<\/li>\n<li>De 2 a 4 a&ntilde;os: 2 consultas anuales,&nbsp;una por semestre y3&nbsp;m&aacute;s&nbsp;para hacer frente a cualquier problema de salud que tenga el menor.<\/li>\n<li>De 4 a 14 a&ntilde;os: 1 consultaanual&nbsp;y&nbsp;3&nbsp;m&aacute;s&nbsp;para hacer frente a cualquier problema de salud que tenga el menor.<\/li>\n<\/ul>\n<p>Control Odontol&oacute;gico<\/p>\n<ul>\n<li>De 1 a 14 a&ntilde;os: 1 consulta anual. En Centro Odontol&oacute;gico OSEP, Per&uacute; 1258, de Ciudad y Sedes de la Obra Social en los departamentos.<\/li>\n<\/ul>\n<p>Control Oftalmol&oacute;gico<\/p>\n<ul>\n<li>A los 6 a&ntilde;os: 1 consulta anual<\/li>\n<\/ul>\n<p>Control Otorrinolaringol&oacute;gico (ORL)<\/p>\n<ul>\n<li>6 a&ntilde;os: 1 consulta anual.&nbsp;En consultorios privados con convenio con OSEP.<\/li>\n<\/ul>\n<p><strong>Requisitos<\/strong><\/p>\n<p>El &uacute;nico requerimiento que deben cumplir los menores es ser afiliados a OSEP.<\/p>\n<p>Es importante destacar que en el caso&nbsp;que durante los controles de salud del menor se detecte alguna patolog&iacute;a que requiera mayor seguimiento, deber&aacute; realizar una interconsulta al m&eacute;dico orientador del departamento, que es el referente en los casos de mediano riesgo.<\/p>\n<p>El m&eacute;dico evaluar&aacute; la derivaci&oacute;n correspondiente al centro de referencia de la regi&oacute;n:<\/p>\n<ul>\n<li>En el&nbsp;Gran Mendoza, zonas Este y Valle de Uco: Hospital Pedi&aacute;trico Alexander Fleming<\/li>\n<li>En el&nbsp;Sur provincial: Hospital Teodoro Schestakow<\/li>\n<\/ul>\n<\/body><\/html>\n","protected":false},"excerpt":{"rendered":"La obra social present\u00f3 esta semana el plan de seguimiento m\u00e9dico-asistencial destinado a los ni\u00f1os afiliados entre 1 y 14 a\u00f1os.","protected":false},"author":68,"featured_media":0,"comment_status":"open","ping_status":"open","sticky":false,"template":"","format":"standard","meta":[],"categories":[30],"tags":[],"_links":{"self":[{"href":"https:\/\/www.mendoza.gov.ar\/prensa\/wp-json\/wp\/v2\/posts\/70342"}],"collection":[{"href":"https:\/\/www.mendoza.gov.ar\/prensa\/wp-json\/wp\/v2\/posts"}],"about":[{"href":"https:\/\/www.mendoza.gov.ar\/prensa\/wp-json\/wp\/v2\/types\/post"}],"author":[{"embeddable":true,"href":"https:\/\/www.mendoza.gov.ar\/prensa\/wp-json\/wp\/v2\/users\/68"}],"replies":[{"embeddable":true,"href":"https:\/\/www.mendoza.gov.ar\/prensa\/wp-json\/wp\/v2\/comments?post=70342"}],"version-history":[{"count":0,"href":"https:\/\/www.mendoza.gov.ar\/prensa\/wp-json\/wp\/v2\/posts\/70342\/revisions"}],"wp:attachment":[{"href":"https:\/\/www.mendoza.gov.ar\/prensa\/wp-json\/wp\/v2\/media?parent=70342"}],"wp:term":[{"taxonomy":"category","embeddable":true,"href":"https:\/\/www.mendoza.gov.ar\/prensa\/wp-json\/wp\/v2\/categories?post=70342"},{"taxonomy":"post_tag","embeddable":true,"href":"https:\/\/www.mendoza.gov.ar\/prensa\/wp-json\/wp\/v2\/tags?post=70342"}],"curies":[{"name":"wp","href":"https:\/\/api.w.org\/{rel}","templated":true}]}}