{"id":70431,"date":"2016-10-24T19:27:38","date_gmt":"2016-10-24T22:27:38","guid":{"rendered":"http:\/\/prensa.mendoza.gov.ar\/?p=70431"},"modified":"2016-10-24T19:27:38","modified_gmt":"2016-10-24T22:27:38","slug":"cornejo-es-importante-que-la-corte-cambie-el-criterio-permisivo-con-el-que-viene-trabajando","status":"publish","type":"post","link":"https:\/\/www.mendoza.gov.ar\/prensa\/cornejo-es-importante-que-la-corte-cambie-el-criterio-permisivo-con-el-que-viene-trabajando\/","title":{"rendered":"Cornejo: \u201cEs importante que la Corte cambie el criterio permisivo con el que viene trabajando\u201d"},"content":{"rendered":"<!DOCTYPE html PUBLIC \"-\/\/W3C\/\/DTD HTML 4.0 Transitional\/\/EN\" \"http:\/\/www.w3.org\/TR\/REC-html40\/loose.dtd\">\n<html><body><p>&ldquo;Quienes cometen delitos graves o muy graves deben permanecer privados de su libertad, hasta su elevaci&oacute;n a juicio. Hemos cambiado las leyes que son de jurisdicci&oacute;n y competencia provincial, y lo estamos haciendo con el m&aacute;s alto nivel de consensos y de pol&iacute;tica de estado&rdquo;, remarc&oacute; el Gobernador Alfredo Cornejo durante su discurso en el almuerzo de la Fuerzas Vivas, organizado por la C&aacute;mara de Comercio Industria y Agropecuaria de San Rafael, en el marco de las celebraciones por el aniversario del departamento sure&ntilde;o.<\/p>\n<p>&ldquo;Salvo el Frente de Izquierda y de los Trabajadores, el resto de los partidos pol&iacute;ticos votaron de forma un&aacute;nime a favor de estas leyes duras y punitivas del Estado en las que seguiremos trabajando. Si la Justicia acompa&ntilde;a esta nueva pol&iacute;tica de persecuci&oacute;n criminal, el delito ir&aacute; bajando paulatinamente&rdquo;, sostuvo.<\/p>\n<p>Respecto de los temas relacionados con seguridad p&uacute;blica y administraci&oacute;n de justicia, se&ntilde;al&oacute; como vergonzoso el hecho de que &ldquo;estemos tan desorganizados para prevenir, disuadir y reprimir el delito&rdquo;. En este sentido,&nbsp;explic&oacute; que &ldquo;es importante que la Corte cambie el criterio permisivo con el que viene trabajando. Queremos que la Corte tenga un criterio m&aacute;s duro&rdquo;.<\/p>\n<p>&ldquo;Estamos inmersos en una cultura machista donde el hombre parte de la base de que la mujer es de su propiedad, donde la violencia intrafamiliar se ha naturalizado, y que tardaremos muchos a&ntilde;os en erradicar&rdquo;, declar&oacute;. Y&nbsp;afirm&oacute;: &ldquo;No obstante, hay que tomar medidas aqu&iacute; y ahora. Para ello hemos aumentado la partida presupuestaria para el &aacute;rea de la mujer, pasamos de $3 millones a $26 millones. Es un cambio sustantivo, muy fuerte, que busca incrementar los servicios en materia de prevenci&oacute;n&rdquo;.<\/p>\n<p>&ldquo;Hay un programa, que acabamos de anunciar, que tiene que ver con una tarea de educaci&oacute;n, de cultura, el que estamos agregando en la curr&iacute;cula de la Direcci&oacute;n General de Escuelas. Son talleres espec&iacute;ficos que vamos a trabajar en conjunto con los municipios, para que las escuelas empiecen a promover un concepto mucho m&aacute;s plural y respetuoso de la mujer, saliendo de estos est&aacute;ndares modelos, que responden a una cultura machista&rdquo;, concluy&oacute; Cornejo tras recordar que el viernes pasado se anunciaron una serie de medidas para proteger a las v&iacute;ctimas de violencia de g&eacute;nero.<\/p>\n<p>Nota de referencia: <a href=\"https:\/\/www.mendoza.gov.ar\/prensa\/el-gobierno-anuncia-medidas-para-abordar-la-violencia-de-genero\/\" target=\"_blank\">El Gobierno anunci&oacute; medidas para abordar la violencia de genero<\/a><\/p>\n<p><strong>Tres motores para el Sur<\/strong><\/p>\n<p>&ldquo;San Rafael es un pueblo muy pujante, progresista, que se desarroll&oacute; y creci&oacute; sostenidamente con pol&iacute;ticas econ&oacute;micas muy claras y concretas, desde los a&ntilde;os 80 hasta los 90&rdquo;, subray&oacute; el mandatario durante su discurso ante la c&aacute;mara. Y agreg&oacute;: &ldquo;Hoy San Rafael necesita nuevamente de ese impulso para crecer,&nbsp;y para ello son necesarios tres motores&rdquo;.<\/p>\n<p><a href=\"https:\/\/www.mendoza.gov.ar\/prensa\/wp-content\/uploads\/sites\/23\/DSC_0572.jpg\"><img loading=\"lazy\" class=\"alignnone wp-image-70434 img-responsive center-block\" src=\"https:\/\/www.mendoza.gov.ar\/prensa\/wp-content\/uploads\/sites\/23\/DSC_0572.jpg\" alt=\"\" width=\"650\" height=\"432\"><\/a><\/p>\n<p>&ldquo;El primero de ellos hay que buscarlo en el Paso Las Le&ntilde;as, que forma parte de una iniciativa de esta c&aacute;mara. El segundo lo&nbsp;vamos a encontrar si logramos reactivar el proyecto de Vale, y el tercero, que est&aacute; a punto de concretarse, es el de la Presa Portezuelo del Viento. Esos son los tres elementos que nos permitir&aacute;n dinamizar el Sur y generar mayor masa cr&iacute;tica para su econom&iacute;a y para su sociedad&rdquo;, asegur&oacute; Cornejo.<\/p>\n<p>&ldquo;De activar esos tres motores, sin duda alguna, el Sur de la provincia va a despegar sostenidamente. Me comprometo a seguir trabajando con el Municipio y con la C&aacute;mara de Comercio para&nbsp;ponerlos en marcha&rdquo;, enfatiz&oacute; el Gobernador.<\/p>\n<p>&ldquo;En materia vial hemos contemplado varias rutas, de las cuales varias ya est&aacute;n en ejecuci&oacute;n y han sido adjudicadas.&nbsp;A trav&eacute;s del financiamiento derivado del Fondo Federal Solidario ($90 millones), $43 millones ser&aacute;n invertidos en la Ruta Provincial 220 (Paso las Le&ntilde;as), concentr&aacute;ndose los trabajos en la zona de El Sosneado&rdquo;, puntualiz&oacute;.<\/p>\n<p><strong>Refuncionalizaci&oacute;n del gasto p&uacute;blico<\/strong><\/p>\n<p>&ldquo;El doble del Producto Bruto&nbsp;Geogr&aacute;fico, de la riqueza que creamos los mendocinos,&nbsp;es lo que gasta el Estado para mantenerse. Esto podr&iacute;a ser muy bueno&nbsp;si este gasto significara mejoras en salud p&uacute;blica, mejor seguridad, y mejor administraci&oacute;n&nbsp;de justicia. Lamentablemente, no es as&iacute;. Gastamos el doble pero tenemos peores servicios&rdquo;, coment&oacute; el Gobernador, y asegur&oacute; que para revertir la situaci&oacute;n &ldquo;debemos trabajar arduamente de la mano del sector privado&rdquo;.<\/p>\n<p>Argument&oacute; que es necesario &ldquo;liberar recursos para que los privados&nbsp;inviertan&rdquo; y que para ello se propuso en la pauta presupuestaria 2017 bajar los impuestos, generando as&iacute; mayores posibilidades de desarrollo econ&oacute;mico para el sector. Cornejo record&oacute; que &ldquo;es la primera vez, desde 1996 hasta ahora, que la Ley Impositiva tendr&aacute; una ley de impuestos focalizada en la industria&rdquo;. Indic&oacute; que seguir&aacute;n bajando los impuestos cada a&ntilde;o &ldquo;porque iremos mejorando y optimizando los recursos del Estado en cada per&iacute;odo&rdquo;.<\/p>\n<p>El Gobernador ofreci&oacute; cifras significativas al indicar que el d&eacute;ficit operativo para 2016 ser&aacute; de menos de $600 millones y record&oacute; que el a&ntilde;o pasado la Provincia tuvo un saldo negativo de $5.000 millones. &ldquo;Queremos crecer en inversi&oacute;n para el 2017, rutas, viviendas, caminos y canales. Para esto es imprescindible aumentar la cuenta inversi&oacute;n&rdquo;, detall&oacute;&nbsp;Cornejo.<\/p>\n<p><strong>Cornejo inaugur&oacute; una nueva l&iacute;nea de conversi&oacute;n ecol&oacute;gica de&nbsp;envases pl&aacute;sticos<\/strong><\/p>\n<p><a href=\"https:\/\/www.mendoza.gov.ar\/prensa\/wp-content\/uploads\/sites\/23\/DSC_0659-1.jpg\"><img loading=\"lazy\" class=\"alignnone wp-image-70433 img-responsive center-block\" src=\"https:\/\/www.mendoza.gov.ar\/prensa\/wp-content\/uploads\/sites\/23\/DSC_0659-1.jpg\" alt=\"\" width=\"650\" height=\"432\"><\/a><\/p>\n<p>Plastiandino incorpor&oacute; una l&iacute;nea de conversi&oacute;n para la producci&oacute;n de envases flexibles pl&aacute;sticos.&nbsp;Se trata de equipos con procesos ecol&oacute;gicos, que no generan efluentes al medio ambiente.&nbsp;El Gobernador Alfredo Cornejo particip&oacute; en&nbsp;el acto de presentaci&oacute;n de la nueva maquinaria, instalada en la Planta Industrial que se encuentra en &nbsp;San Rafael, previo su paso por el Almuerzo de las Fuerzas Vivas.<\/p>\n<p>&ldquo;Felicito a esta empresa por seguir apostando a San Rafael y al crecimiento sostenido que tanto necesitamos como provincia&rdquo;, subray&oacute;&nbsp;el Gobernador.<\/p>\n<p>&ldquo;Creemos en el desarrollo arm&oacute;nico de Mendoza y para ello son necesarias las inversiones distribuidas a lo largo y a lo ancho de nuestra provincia, como la que realiz&oacute; Plastiandino&rdquo;, destac&oacute; el mandatario.<\/p>\n<p>La inversi&oacute;n supera los U$S 3 millones, de los cuales el Banco BICE aport&oacute; $4 millones y el Fondear $20,5 millones.&nbsp;El saldo de la inversi&oacute;n fue afrontado con recursos propios y cr&eacute;ditos menores del Banco Naci&oacute;n.<\/p>\n<p><iframe width=\"900\" height=\"506\" src=\"https:\/\/www.youtube.com\/embed\/FtBtxsmnATI?feature=oembed\" frameborder=\"0\" allowfullscreen><\/iframe><\/p>\n<p>&nbsp;<\/p>\n<\/body><\/html>\n","protected":false},"excerpt":{"rendered":"El Gobernador habl\u00f3 en el almuerzo de la Fuerzas Vivas, organizado por la C\u00e1mara de Comercio Industria y Agropecuaria de San Rafael, en el marco de las celebraciones por el aniversario del departamento sure\u00f1o. Hizo referencia a las acciones, anunciadas el viernes pasado, que se han tomado para proteger a las v\u00edctimas de violencia de g\u00e9nero. Adem\u00e1s, se refiri\u00f3 a los pilares necesarios para el desarrollo econ\u00f3mico de San Rafael.","protected":false},"author":68,"featured_media":70432,"comment_status":"open","ping_status":"open","sticky":false,"template":"","format":"standard","meta":[],"categories":[19],"tags":[],"_links":{"self":[{"href":"https:\/\/www.mendoza.gov.ar\/prensa\/wp-json\/wp\/v2\/posts\/70431"}],"collection":[{"href":"https:\/\/www.mendoza.gov.ar\/prensa\/wp-json\/wp\/v2\/posts"}],"about":[{"href":"https:\/\/www.mendoza.gov.ar\/prensa\/wp-json\/wp\/v2\/types\/post"}],"author":[{"embeddable":true,"href":"https:\/\/www.mendoza.gov.ar\/prensa\/wp-json\/wp\/v2\/users\/68"}],"replies":[{"embeddable":true,"href":"https:\/\/www.mendoza.gov.ar\/prensa\/wp-json\/wp\/v2\/comments?post=70431"}],"version-history":[{"count":0,"href":"https:\/\/www.mendoza.gov.ar\/prensa\/wp-json\/wp\/v2\/posts\/70431\/revisions"}],"wp:featuredmedia":[{"embeddable":true,"href":"https:\/\/www.mendoza.gov.ar\/prensa\/wp-json\/wp\/v2\/media\/70432"}],"wp:attachment":[{"href":"https:\/\/www.mendoza.gov.ar\/prensa\/wp-json\/wp\/v2\/media?parent=70431"}],"wp:term":[{"taxonomy":"category","embeddable":true,"href":"https:\/\/www.mendoza.gov.ar\/prensa\/wp-json\/wp\/v2\/categories?post=70431"},{"taxonomy":"post_tag","embeddable":true,"href":"https:\/\/www.mendoza.gov.ar\/prensa\/wp-json\/wp\/v2\/tags?post=70431"}],"curies":[{"name":"wp","href":"https:\/\/api.w.org\/{rel}","templated":true}]}}