{"id":70463,"date":"2016-10-25T08:20:07","date_gmt":"2016-10-25T11:20:07","guid":{"rendered":"http:\/\/prensa.mendoza.gov.ar\/?p=70463"},"modified":"2016-10-25T08:20:07","modified_gmt":"2016-10-25T11:20:07","slug":"dictan-curso-de-reanimacion-cardiopulmonar-en-la-paz","status":"publish","type":"post","link":"https:\/\/www.mendoza.gov.ar\/prensa\/dictan-curso-de-reanimacion-cardiopulmonar-en-la-paz\/","title":{"rendered":"Dictan curso de reanimaci\u00f3n cardiopulmonar en La Paz"},"content":{"rendered":"<!DOCTYPE html PUBLIC \"-\/\/W3C\/\/DTD HTML 4.0 Transitional\/\/EN\" \"http:\/\/www.w3.org\/TR\/REC-html40\/loose.dtd\">\n<html><body><div id=\"m_1856066291121358277yui_3_16_0_ym19_1_1477339890804_6150\"><span id=\"m_1856066291121358277yui_3_16_0_ym19_1_1477339890804_6151\">Con una importante concurrencia, se realiz&oacute; una capacitaci&oacute;n de reanimaci&oacute;n cardiopulmonar&nbsp;(RCP) y primeros auxilios en la Escuela Normal Superior 9005 Fidela Ampar&aacute;n, ubicada en el departamento de La Paz. <\/span><\/div>\n<div><\/div>\n<div><span id=\"m_1856066291121358277yui_3_16_0_ym19_1_1477339890804_6151\">La actividad se realiz&oacute; por iniciativa de la Direcci&oacute;n de Atenci&oacute;n Primaria de la Obra Social de Empleados P&uacute;blicos (OSEP), a trav&eacute;s del programa Salud + Recreaci&oacute;n y estuvo dirigida a alumnos, docentes y directivos de la instituci&oacute;n.<\/span><\/div>\n<div><\/div>\n<div id=\"m_1856066291121358277yui_3_16_0_ym19_1_1477339890804_6152\">Participaron en el taller 110 personas, en su mayor&iacute;a alumnos del profesorado de nivel inicial. Estuvo a cargo del enfermero Jonatan L&oacute;pez, quien se desempe&ntilde;a como instructor en el programa de la obra social.<\/div>\n<div><\/div>\n<div id=\"m_1856066291121358277yui_3_16_0_ym19_1_1477339890804_6153\">La&nbsp; reanimaci&oacute;n cardiopulmonar o RCP es un procedimiento de emergencia para salvar vidas que se utiliza cuando una persona ha dejado de respirar y el coraz&oacute;n, cesado de latir.<\/div>\n<div><\/div>\n<div id=\"m_1856066291121358277yui_3_16_0_ym19_1_1477339890804_6154\">En ese marco, el profesional explic&oacute; los diferentes factores de riesgo que pueden desencadenar un paro cardiorrespiratorio, realiz&oacute; un repaso por la cadena de vida y explic&oacute; la maniobra de masaje card&iacute;aco, tanto en adultos como en ni&ntilde;os y lactantes.<\/div>\n<div><\/div>\n<div id=\"m_1856066291121358277yui_3_16_0_ym19_1_1477339890804_6155\">Por &uacute;ltimo, cada participante pudo realizar un ejercicio pr&aacute;ctico con los mu&ntilde;ecos de entrenamiento, para lograr un panorama de acci&oacute;n y reconocimiento precoz frente a situaciones indeseadas como la muerte s&uacute;bita, paro, ahogamiento u obstrucci&oacute;n de las v&iacute;as a&eacute;reas.<\/div>\n<\/body><\/html>\n","protected":false},"excerpt":{"rendered":"Participaron 110 personas y se realiz\u00f3 en la Escuela Normal Superior 9005 Fidela Ampar\u00e1n. Fue en el marco del programa Salud + Recreaci\u00f3n de la OSEP.","protected":false},"author":61,"featured_media":0,"comment_status":"open","ping_status":"open","sticky":false,"template":"","format":"standard","meta":[],"categories":[30],"tags":[],"_links":{"self":[{"href":"https:\/\/www.mendoza.gov.ar\/prensa\/wp-json\/wp\/v2\/posts\/70463"}],"collection":[{"href":"https:\/\/www.mendoza.gov.ar\/prensa\/wp-json\/wp\/v2\/posts"}],"about":[{"href":"https:\/\/www.mendoza.gov.ar\/prensa\/wp-json\/wp\/v2\/types\/post"}],"author":[{"embeddable":true,"href":"https:\/\/www.mendoza.gov.ar\/prensa\/wp-json\/wp\/v2\/users\/61"}],"replies":[{"embeddable":true,"href":"https:\/\/www.mendoza.gov.ar\/prensa\/wp-json\/wp\/v2\/comments?post=70463"}],"version-history":[{"count":0,"href":"https:\/\/www.mendoza.gov.ar\/prensa\/wp-json\/wp\/v2\/posts\/70463\/revisions"}],"wp:attachment":[{"href":"https:\/\/www.mendoza.gov.ar\/prensa\/wp-json\/wp\/v2\/media?parent=70463"}],"wp:term":[{"taxonomy":"category","embeddable":true,"href":"https:\/\/www.mendoza.gov.ar\/prensa\/wp-json\/wp\/v2\/categories?post=70463"},{"taxonomy":"post_tag","embeddable":true,"href":"https:\/\/www.mendoza.gov.ar\/prensa\/wp-json\/wp\/v2\/tags?post=70463"}],"curies":[{"name":"wp","href":"https:\/\/api.w.org\/{rel}","templated":true}]}}