{"id":70556,"date":"2016-10-26T08:22:40","date_gmt":"2016-10-26T11:22:40","guid":{"rendered":"http:\/\/prensa.mendoza.gov.ar\/?p=70556"},"modified":"2016-10-26T08:22:40","modified_gmt":"2016-10-26T11:22:40","slug":"mas-herramientas-para-tratar-la-ezquizofrenia","status":"publish","type":"post","link":"https:\/\/www.mendoza.gov.ar\/prensa\/mas-herramientas-para-tratar-la-ezquizofrenia\/","title":{"rendered":"M\u00e1s herramientas para tratar la esquizofrenia"},"content":{"rendered":"<!DOCTYPE html PUBLIC \"-\/\/W3C\/\/DTD HTML 4.0 Transitional\/\/EN\" \"http:\/\/www.w3.org\/TR\/REC-html40\/loose.dtd\">\n<html><body><div>La Obra Social de Empleados P&uacute;blicos (OSEP)&nbsp;realiz&oacute; una jornada sobre &ldquo;Din&aacute;mica familiar en pacientes con esquizofrenia&rdquo;, dirigida al grupo de acompa&ntilde;antes terap&eacute;uticos que trabajan en&nbsp;la Unidad de Seguimiento de Internaci&oacute;n en Salud Mental. Se realiz&oacute; en el sal&oacute;n de usos m&uacute;ltiples&nbsp;I del Edificio Xeltahuina y el objetivo de este nuevo encuentro es el de&nbsp;&nbsp;mejorar la atenci&oacute;n a pacientes con esquizofrenia.<\/div>\n<div><\/div>\n<div id=\"m_8461272736973153043yui_3_16_0_ym19_1_1477418490104_57441\">La capacitaci&oacute;n estuvo a cargo de Elizabeth Furl&aacute;n, presidenta de la Asociaci&oacute;n Mendocina de Familias de Pacientes Esquizofr&eacute;nicos, quien trasmiti&oacute; a los asistentes una descripci&oacute;n del d&iacute;a a d&iacute;a de la familia de una persona con esta patolog&iacute;a, qu&eacute; caracter&iacute;sticas tiene la enfermedad y c&oacute;mo se puede ayudar y contener a quien la padece.<\/div>\n<div><\/div>\n<div id=\"m_8461272736973153043yui_3_16_0_ym19_1_1477418490104_57443\">Fue en el marco de una serie de talleres que brinda la Unidad de Seguimiento de Internaci&oacute;n en Salud Mental para la capacitaci&oacute;n de sus acompa&ntilde;antes terap&eacute;uticos que se iniciaron en marzo pasado, con el desarrollo mensual de un taller y para lo que resta del a&ntilde;o se prev&eacute; abordar los siguientes temas:<\/div>\n<div><\/div>\n<div id=\"m_8461272736973153043yui_3_16_0_ym19_1_1477418490104_57444\">&ndash; 14 de noviembre: &ldquo;Adicciones&rdquo;. Disertante invitada: Lic. Sandra Burgos.<\/div>\n<div id=\"m_8461272736973153043yui_3_16_0_ym19_1_1477418490104_57445\">&ndash; 5 de diciembre: &ldquo;Taller de cierre&rdquo;.<\/div>\n<div><\/div>\n<div id=\"m_8461272736973153043yui_3_16_0_ym19_1_1477418490104_57446\" dir=\"ltr\">El programa es coordinado por Perla Rinaldini y cuenta con un equipo t&eacute;cnico conformado por la doctora Ver&oacute;nica Gola y las licenciadas Paula Bermejillo, Mar&iacute;a Laura Espa&ntilde;ol y Camila Cinquegrano.<\/div>\n<div dir=\"ltr\"><\/div>\n<\/body><\/html>\n","protected":false},"excerpt":{"rendered":"Trat\u00f3 sobre &#8220;Din\u00e1mica familiar en pacientes con esquizofrenia\u201d y estuvo dirigida al grupo de acompa\u00f1antes terap\u00e9uticos que trabajan en la Unidad de Seguimiento de Internaci\u00f3n en Salud Mental.","protected":false},"author":61,"featured_media":0,"comment_status":"open","ping_status":"open","sticky":false,"template":"","format":"standard","meta":[],"categories":[30],"tags":[],"_links":{"self":[{"href":"https:\/\/www.mendoza.gov.ar\/prensa\/wp-json\/wp\/v2\/posts\/70556"}],"collection":[{"href":"https:\/\/www.mendoza.gov.ar\/prensa\/wp-json\/wp\/v2\/posts"}],"about":[{"href":"https:\/\/www.mendoza.gov.ar\/prensa\/wp-json\/wp\/v2\/types\/post"}],"author":[{"embeddable":true,"href":"https:\/\/www.mendoza.gov.ar\/prensa\/wp-json\/wp\/v2\/users\/61"}],"replies":[{"embeddable":true,"href":"https:\/\/www.mendoza.gov.ar\/prensa\/wp-json\/wp\/v2\/comments?post=70556"}],"version-history":[{"count":0,"href":"https:\/\/www.mendoza.gov.ar\/prensa\/wp-json\/wp\/v2\/posts\/70556\/revisions"}],"wp:attachment":[{"href":"https:\/\/www.mendoza.gov.ar\/prensa\/wp-json\/wp\/v2\/media?parent=70556"}],"wp:term":[{"taxonomy":"category","embeddable":true,"href":"https:\/\/www.mendoza.gov.ar\/prensa\/wp-json\/wp\/v2\/categories?post=70556"},{"taxonomy":"post_tag","embeddable":true,"href":"https:\/\/www.mendoza.gov.ar\/prensa\/wp-json\/wp\/v2\/tags?post=70556"}],"curies":[{"name":"wp","href":"https:\/\/api.w.org\/{rel}","templated":true}]}}